{"id":1223851,"date":"2021-04-02T22:06:54","date_gmt":"2021-04-03T04:06:54","guid":{"rendered":"https:\/\/www.acapulcopress.com\/?p=1223851"},"modified":"2021-04-02T22:06:54","modified_gmt":"2021-04-03T04:06:54","slug":"angel-irra-candidatos-que-sumaran-votos-para-mario-moreno-arcos","status":"publish","type":"post","link":"https:\/\/www.acapulcopress.com\/index.php\/2021\/04\/02\/angel-irra-candidatos-que-sumaran-votos-para-mario-moreno-arcos\/","title":{"rendered":"\u00c1ngel Irra | Candidatos que sumar\u00e1n votos para Mario Moreno Arcos"},"content":{"rendered":"<p style=\"text-align: justify;\">Un Rapid\u00edn<br \/>\n] Con <strong>\u00c1ngel Irra Carceda<\/strong><br \/>\n<em>angelirracar@hotamail.com<\/em><\/p>\n<p style=\"text-align: justify;\">Este domingo arrancan las campa\u00f1as en pos de las 28 diputaciones locales en Guerrero.<\/p>\n<p style=\"text-align: justify;\">Me informan que el candidato a la gubernatura por la alianza PRI-PRD, Mario Moreno Arcos, se har\u00e1 presente en algunos arranques de campa\u00f1a.<\/p>\n<p style=\"text-align: justify;\">Por ejemplo, a las 09:00 horas en el mercado de San Pedro Las Playas, Distrito Electoral 07, en Acapulco, con el joven Ricardo Astudillo Calvo quien encender\u00e1 los tambores de guerra para arribar en tierra firme de la sede del Congreso del Estado.<\/p>\n<p style=\"text-align: justify;\"><strong>HECTOR VICARIO\u2026<\/strong><\/p>\n<p style=\"text-align: justify;\">A las 17:00 horas de este domingo 4 de abril, el candidato de la Alianza Va X M\u00e9xico, Mario Moreno Arcos, acompa\u00f1ar\u00e1 a H\u00e9ctor Vicario Castrej\u00f3n.<\/p>\n<p style=\"text-align: justify;\">El arranque de campa\u00f1a de Vicario ser\u00e1 en la cabecera municipal de Huitzuco, a las 17:00 horas.<\/p>\n<p style=\"text-align: justify;\">A quien desde ahora se le considera el seguro coordinador de la bancada del PRI en el Congreso local, lo acompa\u00f1ar\u00e1n Mario Moreno Arcos y el ex gobernador Rub\u00e9n Figueroa Alcocer, entre otros pr\u00f3ceres priistas.<\/p>\n<p style=\"text-align: justify;\">Vicario ha trabajado desde fines del a\u00f1o pasado el territorio que comprende el 23 Distrito Electoral local (Huitzuco, Iguala, Buena Vista de Cu\u00e9llar, Tepecoacuilco de Trujano, Copalillo y Atenango del R\u00edo).<\/p>\n<p style=\"text-align: justify;\">Nos guste o nos guste, es un pol\u00edtico probado en estas lides. Y de esos necesitan todos los partidos pol\u00edticos para llevar al \u201cbuche partidista\u201d la mayor cantidad de votos. Sus candidatos a gobernador los requieren.<\/p>\n<p style=\"text-align: justify;\">Seguramente sus malquerientes recordar\u00e1n que estuvo envuelto en aquella pol\u00e9mica inhabilitaci\u00f3n cuando fungi\u00f3 como delegado de la Secretar\u00eda de Desarrollo Agrario, Territorial y Urbano (Sedatu).<\/p>\n<p style=\"text-align: justify;\">El caso fue por presuntas irregularidades en la compra de predios para edificar viviendas para damnificados por las tormentas \u201cIngrid\u201d y \u201cManuel\u201d. No por desv\u00edo de recursos.<\/p>\n<p style=\"text-align: justify;\">Bueno, pero habr\u00e1n de recordar tambi\u00e9n que la Secretar\u00eda de la Funci\u00f3n P\u00fablica (SFP) resolvi\u00f3 que NO estaba inhabilitado para ocupar cargos p\u00fablicos, pues las se\u00f1aladas negligencias administrativas se habr\u00edan cometido en otras \u00e1reas. Y as\u00ed qued\u00f3 absuelto.<\/p>\n<p style=\"text-align: justify;\">Algo curioso en su gesti\u00f3n como delegado de la Sedatu en Guerrero, es que parecen olvidarse que cuando estuvo al frente estuvo al frente de la gesti\u00f3n de m\u00e1s de ocho mil viviendas y la creaci\u00f3n de decenas de nuevas comunidades en Guerrero.<\/p>\n<p style=\"text-align: justify;\">Todos saben que Vicario no es un improvisado en contiendas electorales. Y, adem\u00e1s, va bien anclado con compa\u00f1eros candidatos a diputados y a alcaldes tambi\u00e9n bien probados, en esa zona Norte del estado.<\/p>\n<p style=\"text-align: justify;\">El candidato de Morena en ese Distrito 23, que es apadrinado por un ex alcalde por dem\u00e1s pol\u00e9mico, tendr\u00eda que hacer milagros para vencerlo.<\/p>\n<p style=\"text-align: justify;\"><strong>BEATRIZ VELEZ\u2026<\/strong><\/p>\n<p style=\"text-align: justify;\"><img loading=\"lazy\" decoding=\"async\" class=\"alignleft size-medium wp-image-1223858\" src=\"https:\/\/www.acapulco.press\/wp-content\/uploads\/2021\/04\/mario-y-bety-375x281.jpg\" alt=\"\" width=\"375\" height=\"281\" \/>En Chilpancingo est\u00e1 previsto el arranque de campa\u00f1a de Beatriz V\u00e9lez N\u00fa\u00f1ez, pero en este caso para la Diputaci\u00f3n federal por el 07 Distrito con sede en Chilpancingo, a las 18:00 horas.<\/p>\n<p style=\"text-align: justify;\">Ser\u00e1 frente a las instalaciones del Centro de Salud Alameda, en la avenida Ju\u00e1rez, en el centro de la ciudad capital, en donde iniciar\u00e1 un recorrido hasta la sede del PRD, en la avenida Alem\u00e1n.<\/p>\n","protected":false},"excerpt":{"rendered":"<p>Un Rapid\u00edn ] Con \u00c1ngel Irra Carceda angelirracar@hotamail.com Este domingo arrancan las campa\u00f1as en pos de las 28 diputaciones locales en Guerrero. Me informan que el candidato a la gubernatura por la alianza PRI-PRD, Mario Moreno Arcos, se har\u00e1 presente en algunos arranques de campa\u00f1a. Por ejemplo, a las 09:00 horas en el mercado de&#8230;<\/p>\n","protected":false},"author":2,"featured_media":1223859,"comment_status":"closed","ping_status":"closed","sticky":false,"template":"","format":"standard","meta":{"footnotes":""},"categories":[2071,1991],"tags":[3938,4645,9738,12685,17511],"class_list":["post-1223851","post","type-post","status-publish","format-standard","has-post-thumbnail","hentry","category-opinion-analisis-columnas","category-libertad-de-expresion","tag-angel-irra-carceda","tag-beatriz-velez-nunez","tag-hector-vicario-castrejon","tag-mario-moreno-arcos","tag-un-rapidin"],"_links":{"self":[{"href":"https:\/\/www.acapulcopress.com\/index.php\/wp-json\/wp\/v2\/posts\/1223851","targetHints":{"allow":["GET"]}}],"collection":[{"href":"https:\/\/www.acapulcopress.com\/index.php\/wp-json\/wp\/v2\/posts"}],"about":[{"href":"https:\/\/www.acapulcopress.com\/index.php\/wp-json\/wp\/v2\/types\/post"}],"author":[{"embeddable":true,"href":"https:\/\/www.acapulcopress.com\/index.php\/wp-json\/wp\/v2\/users\/2"}],"replies":[{"embeddable":true,"href":"https:\/\/www.acapulcopress.com\/index.php\/wp-json\/wp\/v2\/comments?post=1223851"}],"version-history":[{"count":0,"href":"https:\/\/www.acapulcopress.com\/index.php\/wp-json\/wp\/v2\/posts\/1223851\/revisions"}],"wp:featuredmedia":[{"embeddable":true,"href":"https:\/\/www.acapulcopress.com\/index.php\/wp-json\/"}],"wp:attachment":[{"href":"https:\/\/www.acapulcopress.com\/index.php\/wp-json\/wp\/v2\/media?parent=1223851"}],"wp:term":[{"taxonomy":"category","embeddable":true,"href":"https:\/\/www.acapulcopress.com\/index.php\/wp-json\/wp\/v2\/categories?post=1223851"},{"taxonomy":"post_tag","embeddable":true,"href":"https:\/\/www.acapulcopress.com\/index.php\/wp-json\/wp\/v2\/tags?post=1223851"}],"curies":[{"name":"wp","href":"https:\/\/api.w.org\/{rel}","templated":true}]}}