{"id":1223871,"date":"2021-04-03T15:20:12","date_gmt":"2021-04-03T21:20:12","guid":{"rendered":"https:\/\/www.acapulcopress.com\/?p=1223871"},"modified":"2021-04-03T15:20:12","modified_gmt":"2021-04-03T21:20:12","slug":"hector-vicario-iniciara-campana-para-diputado-en-huitzuco-con-la-presencia-de-mario-moreno","status":"publish","type":"post","link":"https:\/\/www.acapulcopress.com\/index.php\/2021\/04\/03\/hector-vicario-iniciara-campana-para-diputado-en-huitzuco-con-la-presencia-de-mario-moreno\/","title":{"rendered":"H\u00e9ctor Vicario iniciar\u00e1 campa\u00f1a para Diputado en Huitzuco, con la presencia de Mario Moreno"},"content":{"rendered":"<p style=\"text-align: justify;\">HUTZUCO, Gro. * 5 de abril de 2021.<br \/>\n<em>] Acapulco Press.<\/em><\/p>\n<p style=\"text-align: justify;\">El aspirante a diputado local por el Distrito 23, H\u00e9ctor Vicario Castrej\u00f3n, iniciar\u00e1 campa\u00f1a este domingo 4 de abril acompa\u00f1ado del candidato de unidad de la\u00a0 Alianza <em>#VaPorGuerrero<\/em>, integrada por el PRI y el PRD, Mario Moreno Arcos.<\/p>\n<p style=\"text-align: justify;\">El evento oficial ser\u00e1 realizado en las instalaciones del Partido Revolucionario Institucional (PRI) de Huitzuco, a las 5 de la tarde.<\/p>\n<p style=\"text-align: justify;\"><strong>QUI\u00c9N ES H\u00c9CTOR VICARIO<\/strong><\/p>\n<p style=\"text-align: justify;\"><img loading=\"lazy\" decoding=\"async\" class=\"alignleft size-medium wp-image-1223873\" src=\"https:\/\/www.acapulco.press\/wp-content\/uploads\/2021\/04\/hectorvc-375x220.jpg\" alt=\"\" width=\"375\" height=\"220\" \/>H\u00e9ctor Vicario Castrej\u00f3n naci\u00f3 en Chaucingo, municipio de Huitzuco de los Figueroa, el 23 de marzo de 1962 y\u00a0 es Licenciado en Derecho por la Facultad de Derecho y Ciencias Sociales de la Universidad Aut\u00f3noma de Guerrero (UAG).<\/p>\n<p style=\"text-align: justify;\">Entre sus fortalezas se destaca como un hombre con amplia experiencia pol\u00edtica y legislativa. Sabe hacer gestiones a favor de la sociedad; es un pol\u00edtico cercano a la gente, de trabajo en equipo, disciplinado, honesto,\u00a0 responsable, organizado, solidario, estrat\u00e9gico, operativo y con liderazgo. Conoce y lo reconocen en la Regi\u00f3n Norte del Estado, de donde es oriundo.<\/p>\n<p style=\"text-align: justify;\">Vicario Castrej\u00f3n se caracteriza por se un representante popular que siempre ha demostrado ser un pol\u00edtico preparado, no improvisados.\u00a0 Como servidor p\u00fablico ha sido responsable en sus funciones.<\/p>\n<p style=\"text-align: justify;\">Aunque en el pasado reciente fue objeto de un proceso administrativo por el \u00f3rgano interno de control de la Secretar\u00eda de Desarrollo Agrario, Territorial y Urbano (Sedatu), result\u00f3 absuelto de cualquier tipo de responsabilidad administrativa.<\/p>\n<p style=\"text-align: justify;\">Como representante de la Sedatu en Guerrero, a H\u00e9ctor Vicario se le reconoci\u00f3 su labor ardua durante la contingencia de los huracanes <em>Ingrid<\/em> y <em>Manuel<\/em>, principalmente en la la reconstrucci\u00f3n de m\u00e1s de ocho mil casas y 20 localidades como La pintada y el Eden en la Sierra de Atoyac; Omitlan en Tierra Colorada; El Capricho en Ometepc; Venta Vieja y otros asentamientos en San Agust\u00edn y La Venta, en Acapulco.<\/p>\n<p style=\"text-align: justify;\">En su trayectoria administrativa se destaca que ha sido Regidor en el Ayuntamiento de Huitzuco (1984-1986), Secretario T\u00e9cnico de los Diputados Federales del PRI por Guerrero en la LIV legislatura (1988) y Subsecretario de Finanzas y Administraci\u00f3n en Guerrero (1993 1996).<\/p>\n<p style=\"text-align: justify;\">En el \u00e1mbito legislativo ha sido 1986 1989 Diputado Local suplente en la LII legislatura del Congreso de Guerrero (1986-1989); Diputado Federal suplente en la LV legislatura (1991-1994);\u00a0 1996 1997 Diputado Local en la LV Legislatura del Congreso de Guerrero (1996-1997);\u00a0 Presidente de la Comisi\u00f3n Agropecuaria, Forestal y Minera (1997 2000) y Diputado federal en la LVII legislatura.<\/p>\n<p style=\"text-align: justify;\">Su trayectoria pol\u00edtica es amplia.<\/p>\n<p style=\"text-align: justify;\">Ha sido subsecretario de elecciones del Comit\u00e9 Ejecutivo Nacional del PRI y Presidente del Comit\u00e9 de Enlace del PRI con organizaciones de mexicanos en el extranjero en Chicago, Illinois.<\/p>\n<p style=\"text-align: justify;\">Sucesivamente, los siguientes han sido los cargos que ha ostentado durante su carrera pol\u00edtica:<\/p>\n<p style=\"text-align: justify;\">* 1976: Secretario general del Movimiento Nacional de la Juventud Revolucionaria en Huitzuco, Guerrero.<br \/>\n* 1976 Pertenece al sector agrario del PRI.<br \/>\n* 1977-1979: Presidente de Vanguardia Juvenil Agrarista de la Liga de Comunidades Agrarias y Sindicatos Campesinos en Acapulco.<br \/>\n* 1980-1984:\u00a0 Presidente de Vanguardia Juvenil Agrarista de Guerrero.<br \/>\n* 1984 1987: Secretario general del Movimiento Juvenil Revolucionario (hoy Frente Juvenil Revolucionario).<br \/>\n* 1986: Asesor general de la Liga de Comunidades Agrarias y Sindicatos Campesinos.<br \/>\n* 1988: Subsecretario de Capacitaci\u00f3n Pol\u00edtica del CDE del PRI en Guerrero.<br \/>\n* 1988-1989: Delegado del CDE en diversos comit\u00e9s municipales del PRI.<br \/>\n* 1990-1996: Miembro del Consejo Pol\u00edtico Estatal del PRI en Guerrero.<br \/>\n* 1991: Secretario particular del presidente del CDE del PRI en Guerrero.<br \/>\n* 1992: Secretario de finanzas de la Liga de Comunidades Agrarias y Sindicatos Campesinos.<br \/>\n* 1992: Secretario general de finanzas en el PRI.<br \/>\n* 1992: Coordinador operativo de la campa\u00f1a del candidato del PRI a la gubernatura de Guerrero.<br \/>\n* 1995: Comisionado estatal del CDE del PRI para el Programa del Compromiso Pol\u00edtico.<br \/>\n* 1995-1996: Secretario general de la Liga de Comunidades Agrarias y Sindicatos Campesinos (LCAySC) en Guerrero.<br \/>\n* 1997-2000: Secretario general del Consejo Pol\u00edtico Estatal del PRI en Guerrero.<br \/>\n* 1997-2000: Secretario general del CDE del PRI en Guerrero.<br \/>\nwww<strong>.acapulcopress.<\/strong>com<\/p>\n<p style=\"text-align: justify;\">\n","protected":false},"excerpt":{"rendered":"<p>HUTZUCO, Gro. * 5 de abril de 2021. ] Acapulco Press. El aspirante a diputado local por el Distrito 23, H\u00e9ctor Vicario Castrej\u00f3n, iniciar\u00e1 campa\u00f1a este domingo 4 de abril acompa\u00f1ado del candidato de unidad de la\u00a0 Alianza #VaPorGuerrero, integrada por el PRI y el PRD, Mario Moreno Arcos. El evento oficial ser\u00e1 realizado en&#8230;<\/p>\n","protected":false},"author":2,"featured_media":1223872,"comment_status":"closed","ping_status":"closed","sticky":false,"template":"","format":"standard","meta":{"footnotes":""},"categories":[2052,18561],"tags":[9738,12685,14914],"class_list":["post-1223871","post","type-post","status-publish","format-standard","has-post-thumbnail","hentry","category-elecciones","category-society-politics","tag-hector-vicario-castrejon","tag-mario-moreno-arcos","tag-pri"],"_links":{"self":[{"href":"https:\/\/www.acapulcopress.com\/index.php\/wp-json\/wp\/v2\/posts\/1223871","targetHints":{"allow":["GET"]}}],"collection":[{"href":"https:\/\/www.acapulcopress.com\/index.php\/wp-json\/wp\/v2\/posts"}],"about":[{"href":"https:\/\/www.acapulcopress.com\/index.php\/wp-json\/wp\/v2\/types\/post"}],"author":[{"embeddable":true,"href":"https:\/\/www.acapulcopress.com\/index.php\/wp-json\/wp\/v2\/users\/2"}],"replies":[{"embeddable":true,"href":"https:\/\/www.acapulcopress.com\/index.php\/wp-json\/wp\/v2\/comments?post=1223871"}],"version-history":[{"count":0,"href":"https:\/\/www.acapulcopress.com\/index.php\/wp-json\/wp\/v2\/posts\/1223871\/revisions"}],"wp:featuredmedia":[{"embeddable":true,"href":"https:\/\/www.acapulcopress.com\/index.php\/wp-json\/"}],"wp:attachment":[{"href":"https:\/\/www.acapulcopress.com\/index.php\/wp-json\/wp\/v2\/media?parent=1223871"}],"wp:term":[{"taxonomy":"category","embeddable":true,"href":"https:\/\/www.acapulcopress.com\/index.php\/wp-json\/wp\/v2\/categories?post=1223871"},{"taxonomy":"post_tag","embeddable":true,"href":"https:\/\/www.acapulcopress.com\/index.php\/wp-json\/wp\/v2\/tags?post=1223871"}],"curies":[{"name":"wp","href":"https:\/\/api.w.org\/{rel}","templated":true}]}}