{"id":1223978,"date":"2021-04-05T20:21:39","date_gmt":"2021-04-06T01:21:39","guid":{"rendered":"https:\/\/www.acapulcopress.com\/?p=1223978"},"modified":"2021-04-05T20:21:39","modified_gmt":"2021-04-06T01:21:39","slug":"consejo-universitario-designa-rector-interino-de-uagro-a-alfredo-romero-olea","status":"publish","type":"post","link":"https:\/\/www.acapulcopress.com\/index.php\/2021\/04\/05\/consejo-universitario-designa-rector-interino-de-uagro-a-alfredo-romero-olea\/","title":{"rendered":"Consejo Universitario designa Rector Interino de UAGro a Alfredo Romero Olea"},"content":{"rendered":"<p style=\"text-align: justify;\">\u00bb Redacci\u00f3n.<br \/>\nACAPULCO. * 5 de abril de 2021.<br \/>\n<em>] Acapulco Press.<\/em><\/p>\n<p style=\"text-align: justify;\">Por unanimidad, el Consejo Universitario de la Universidad Aut\u00f3noma de Guerrero (UAGro) design\u00f3 al secretario <img loading=\"lazy\" decoding=\"async\" class=\"alignleft size-medium wp-image-1223980\" src=\"https:\/\/www.acapulco.press\/wp-content\/uploads\/2021\/04\/toma-de-rector-375x282.jpg\" alt=\"\" width=\"375\" height=\"282\" \/>general de la m\u00e1xima casa de estudios guerrerenses, Jos\u00e9 Alfredo Romero Olea, como rector interino de la UAGro, y ser\u00e1 el responsable de organizar el proceso electoral universitario 2021-2025.<\/p>\n<p style=\"text-align: justify;\">El interinato de Olea Campos iniciar\u00e1 este martes 6 de abril y culminar\u00e1 el 27 de septiembre de este mismo a\u00f1o.<\/p>\n<p style=\"text-align: justify;\">Ser\u00e1 este martes cuando, en sesi\u00f3n solemne del Consejo Universitario, le tome protesta para dirigir la UAGro por espacio de seis meses. La ceremonia ser\u00e1 trasmitida a trav\u00e9s de #FacebookLive desde la p\u00e1gina oficial de UAGro en <em>www.facebook.com\/<a href=\"https:\/\/www.facebook.com\/UAGro.MX.Oficial\/\" target=\"_blank\" rel=\"noopener\">UAGro.MX.Oficial<\/a>.<\/em><\/p>\n<p style=\"text-align: justify;\">Es la segunda ocasi\u00f3n que Romero Olea es rector interino; la primera ocasi\u00f3n fue en 2017, cuando Javier Salda\u00f1a Almaz\u00e1n pidi\u00f3 licencia para buscar la reelecci\u00f3n.<br \/>\nwww<strong>.acapulcopress.<\/strong>com<\/p>\n","protected":false},"excerpt":{"rendered":"<p>\u00bb Redacci\u00f3n. ACAPULCO. * 5 de abril de 2021. ] Acapulco Press. Por unanimidad, el Consejo Universitario de la Universidad Aut\u00f3noma de Guerrero (UAGro) design\u00f3 al secretario general de la m\u00e1xima casa de estudios guerrerenses, Jos\u00e9 Alfredo Romero Olea, como rector interino de la UAGro, y ser\u00e1 el responsable de organizar el proceso electoral universitario&#8230;<\/p>\n","protected":false},"author":2,"featured_media":1223979,"comment_status":"closed","ping_status":"closed","sticky":false,"template":"","format":"standard","meta":{"footnotes":""},"categories":[1969,18584,1972],"tags":[6506,10980,17610],"class_list":["post-1223978","post","type-post","status-publish","format-standard","has-post-thumbnail","hentry","category-trending","category-educacion-superior","category-special","tag-consejo-universitario-de-la-universidad-autonoma-de-guerrero-uagro","tag-jose-alfredo-romero-olea","tag-universidad-autonoma-de-guerrero-uagro"],"_links":{"self":[{"href":"https:\/\/www.acapulcopress.com\/index.php\/wp-json\/wp\/v2\/posts\/1223978","targetHints":{"allow":["GET"]}}],"collection":[{"href":"https:\/\/www.acapulcopress.com\/index.php\/wp-json\/wp\/v2\/posts"}],"about":[{"href":"https:\/\/www.acapulcopress.com\/index.php\/wp-json\/wp\/v2\/types\/post"}],"author":[{"embeddable":true,"href":"https:\/\/www.acapulcopress.com\/index.php\/wp-json\/wp\/v2\/users\/2"}],"replies":[{"embeddable":true,"href":"https:\/\/www.acapulcopress.com\/index.php\/wp-json\/wp\/v2\/comments?post=1223978"}],"version-history":[{"count":0,"href":"https:\/\/www.acapulcopress.com\/index.php\/wp-json\/wp\/v2\/posts\/1223978\/revisions"}],"wp:featuredmedia":[{"embeddable":true,"href":"https:\/\/www.acapulcopress.com\/index.php\/wp-json\/"}],"wp:attachment":[{"href":"https:\/\/www.acapulcopress.com\/index.php\/wp-json\/wp\/v2\/media?parent=1223978"}],"wp:term":[{"taxonomy":"category","embeddable":true,"href":"https:\/\/www.acapulcopress.com\/index.php\/wp-json\/wp\/v2\/categories?post=1223978"},{"taxonomy":"post_tag","embeddable":true,"href":"https:\/\/www.acapulcopress.com\/index.php\/wp-json\/wp\/v2\/tags?post=1223978"}],"curies":[{"name":"wp","href":"https:\/\/api.w.org\/{rel}","templated":true}]}}