{"id":1223987,"date":"2021-04-06T17:54:22","date_gmt":"2021-04-06T22:54:22","guid":{"rendered":"https:\/\/www.acapulcopress.com\/?p=1223987"},"modified":"2021-04-06T17:54:22","modified_gmt":"2021-04-06T22:54:22","slug":"prevalece-el-empate-tecnico-entre-mario-moreno-y-morena-evodio-velazquez","status":"publish","type":"post","link":"https:\/\/www.acapulcopress.com\/index.php\/2021\/04\/06\/prevalece-el-empate-tecnico-entre-mario-moreno-y-morena-evodio-velazquez\/","title":{"rendered":"Prevalece \u00abempate t\u00e9cnico\u00bb entre Mario Moreno y Morena | Evodio Vel\u00e1zquez"},"content":{"rendered":"<p style=\"text-align: justify;\"><strong>\u00bb Redacci\u00f3n.<\/strong><br \/>\nCHILPANCINGO. * 6 de abril de 2021.<br \/>\n<em>] Acapulco Press.<\/em><\/p>\n<p style=\"text-align: justify;\">Jes\u00fas Evodio Vel\u00e1zquez Aguirre, coordinador de Estructuras de Campa\u00f1a de la coalici\u00f3n \u201cVa por Guerrero\u201d, integrada por los partidos Revolucionario Institucional (PRI) y de la Revoluci\u00f3n Democr\u00e1tica (PRD), inform\u00f3 que el candidato de la alianza, Mario Moreno Arcos, se encuentra en un empate t\u00e9cnico con Morena, cuyo candidato, F\u00e9lix Salgado Macedonio,\u00a0 se haya inhabilitado por el Instituto Nacional Electoral (INE) por no comprobar gastos de <img loading=\"lazy\" decoding=\"async\" class=\"alignleft size-medium wp-image-1223991\" src=\"https:\/\/www.acapulco.press\/wp-content\/uploads\/2021\/04\/MMA-VS-MORENA-2-375x185.png\" alt=\"\" width=\"375\" height=\"185\" \/>precampa\u00f1a, pero en espera que Tribunal Electoral del Poder Judicial de la Federaci\u00f3n (TEPJF) le resuelva su situaci\u00f3n.<\/p>\n<p style=\"text-align: justify;\">Para sustentar su aseveraci\u00f3n, Vel\u00e1zquez Aguirre mostr\u00f3 una encuesta publicada ayer, lunes 5 de abril por la revista especializada en elecciones <em>C&amp;E Research<\/em>, en la que se observa que, con respecto a la Gubernatura del Estado,\u00a0 Morena tiene 42 puntos de preferencias sobre 39 de la coalici\u00f3n PRI\/PRD.<\/p>\n<p style=\"text-align: justify;\">\u201cMorena ven\u00eda punteando, pero hoy son pocos puntos de ventaja que tiene este partido, y es importante decirlo &#8211;dijo&#8211;, despu\u00e9s de venir 14 o 15 puntos abajo en las preferencias electorales, Mario Moreno est\u00e1 en un empate t\u00e9cnico y eso nos permite decirle a la poblaci\u00f3n &#8216;muchas gracias por su apoyo y confianza&#8217;, y vamos a seguir construyendo, con propuestas, no con protestas\u201d.<\/p>\n<p style=\"text-align: justify;\"><img loading=\"lazy\" decoding=\"async\" class=\"alignleft size-medium wp-image-1223990\" src=\"https:\/\/www.acapulco.press\/wp-content\/uploads\/2021\/04\/MARIO-Y-EVODIO-375x250.jpg\" alt=\"\" width=\"375\" height=\"250\" \/>El coordinador de Estructuras de Campa\u00f1a a\u00f1adi\u00f3 que \u201cMario Moreno es el candidato de las propuestas, no de las protestas, que asume el papel de respetar la ley en toda circunstancia\u201d y que \u00abla coalici\u00f3n PRI-PRD es ganadora, porque ha generado consensos y unidad, lo que se ve reflejado en las candidaturas a diputados federales y locales, donde no ha habido ninguna resta, todos han sido sumas, y es importante resaltarlas\u201d.<\/p>\n<p style=\"text-align: justify;\">Respecto a las declaraciones de Marcial Rodr\u00edguez Salda\u00f1a, secretario general de Morena en Guerrero, en torno a que est\u00e1n dando seguimiento al candidato Mario Moreno porque ya rebas\u00f3 topes de gastos de campa\u00f1a y que en su caso el INE no act\u00faa, como s\u00ed lo hizo contra su partido, el exalcalde de Acapulco subray\u00f3 que \u201cese partido est\u00e1 desesperado, busca cortinas de humo; hoy, nosotros hemos cuidado en todo momento generar los reportes al Instituto Electoral, cuidar los topes de gastos de campa\u00f1a, y que bueno que en Morena est\u00e9n preocupados, pero debieron estar preocupados por su situaci\u00f3n, en lugar de preocuparse por las dem\u00e1s\u201d.<\/p>\n<p style=\"text-align: justify;\">Sobre el tema de la posible ruptura de la alianza por las candidaturas a las alcald\u00edas de Acapulco y Chilpancingo, Evodio Vel\u00e1zquez fue firme y declar\u00f3 que hay \u00abun procesamiento, en ambas dirigencias, con mucho cuidando, mucho respeto muy responsable y con equilibrios buscando construir la mejor propuesta que generar\u00e1 esta coalici\u00f3n entre el PRD y el PRI\u201d.<\/p>\n<p style=\"text-align: justify;\">Este \u201ces un tema que las dirigencias de ambos partidos tienen en sus manos, esperemos que en estos d\u00edas se resuelva, hay inter\u00e9s de ambas dirigencias para que se pueda llegar a los mejores acuerdos. Estoy convencido de que vamos a salir unidos y los mejores acuerdos para que esta alianza siga perfil\u00e1ndose en la ruta ganadora\u201d.<\/p>\n<p style=\"text-align: justify;\">Finalmente, sobre el estado f\u00edsico del candidato de la coalici\u00f3n, Evodio Vel\u00e1zquez inform\u00f3 que \u00abMario Moreno Arcos est\u00e1 en sus mejores condiciones f\u00edsicas, como se requiere en un estado como Guerrero que demanda mucha energ\u00eda, fuerza, pasi\u00f3n, entrega y capacidad para ser gobernado\u00bb.<\/p>\n<p><code><iframe loading=\"lazy\" style=\"border: none; overflow: hidden;\" src=\"https:\/\/www.facebook.com\/plugins\/video.php?height=314&amp;href=https%3A%2F%2Fwww.facebook.com%2Fangelblanco.press%2Fvideos%2F2858429907750999%2F&amp;show_text=false&amp;width=560\" width=\"560\" height=\"314\" frameborder=\"0\" scrolling=\"no\" allowfullscreen=\"allowfullscreen\"><\/iframe><\/code><\/p>\n<p><img loading=\"lazy\" decoding=\"async\" class=\"alignnone wp-image-1224011 \" src=\"https:\/\/www.acapulco.press\/wp-content\/uploads\/2021\/04\/MARIO-ENCUESTA.jpg\" alt=\"\" width=\"825\" height=\"1460\" \/><br \/>\n<img loading=\"lazy\" decoding=\"async\" class=\"alignnone wp-image-1224012 \" src=\"https:\/\/www.acapulco.press\/wp-content\/uploads\/2021\/04\/MARIO-ENCUESTA2.jpg\" alt=\"\" width=\"825\" height=\"1468\" \/><br \/>\nwww<strong>.acapulcopress.<\/strong>com<\/p>\n","protected":false},"excerpt":{"rendered":"<p>\u00bb Redacci\u00f3n. CHILPANCINGO. * 6 de abril de 2021. ] Acapulco Press. Jes\u00fas Evodio Vel\u00e1zquez Aguirre, coordinador de Estructuras de Campa\u00f1a de la coalici\u00f3n \u201cVa por Guerrero\u201d, integrada por los partidos Revolucionario Institucional (PRI) y de la Revoluci\u00f3n Democr\u00e1tica (PRD), inform\u00f3 que el candidato de la alianza, Mario Moreno Arcos, se encuentra en un empate&#8230;<\/p>\n","protected":false},"author":2,"featured_media":1223989,"comment_status":"closed","ping_status":"closed","sticky":false,"template":"","format":"video","meta":{"footnotes":""},"categories":[2053,1972],"tags":[4940,5943,8467,10337,10724,12685,13297,14277,14304,17391,17707],"class_list":["post-1223987","post","type-post","status-publish","format-video","has-post-thumbnail","hentry","category-elecciones-special","category-special","tag-ce-research","tag-coalicion-pri-prd-guerrero-2021","tag-felix-salgado-macedonio","tag-instituto-nacional-electoral-ine","tag-jesus-evodio-velazquez-aguirre","tag-mario-moreno-arcos","tag-morena","tag-partido-de-la-revolucion-democratica-prd","tag-partido-revolucionario-institucional-pri","tag-tribunal-electoral-del-poder-judicial-de-la-federacion-tepjf","tag-va-por-guerrero-2021","post_format-post-format-video"],"_links":{"self":[{"href":"https:\/\/www.acapulcopress.com\/index.php\/wp-json\/wp\/v2\/posts\/1223987","targetHints":{"allow":["GET"]}}],"collection":[{"href":"https:\/\/www.acapulcopress.com\/index.php\/wp-json\/wp\/v2\/posts"}],"about":[{"href":"https:\/\/www.acapulcopress.com\/index.php\/wp-json\/wp\/v2\/types\/post"}],"author":[{"embeddable":true,"href":"https:\/\/www.acapulcopress.com\/index.php\/wp-json\/wp\/v2\/users\/2"}],"replies":[{"embeddable":true,"href":"https:\/\/www.acapulcopress.com\/index.php\/wp-json\/wp\/v2\/comments?post=1223987"}],"version-history":[{"count":0,"href":"https:\/\/www.acapulcopress.com\/index.php\/wp-json\/wp\/v2\/posts\/1223987\/revisions"}],"wp:featuredmedia":[{"embeddable":true,"href":"https:\/\/www.acapulcopress.com\/index.php\/wp-json\/"}],"wp:attachment":[{"href":"https:\/\/www.acapulcopress.com\/index.php\/wp-json\/wp\/v2\/media?parent=1223987"}],"wp:term":[{"taxonomy":"category","embeddable":true,"href":"https:\/\/www.acapulcopress.com\/index.php\/wp-json\/wp\/v2\/categories?post=1223987"},{"taxonomy":"post_tag","embeddable":true,"href":"https:\/\/www.acapulcopress.com\/index.php\/wp-json\/wp\/v2\/tags?post=1223987"}],"curies":[{"name":"wp","href":"https:\/\/api.w.org\/{rel}","templated":true}]}}