{"id":1224001,"date":"2021-04-06T19:24:52","date_gmt":"2021-04-07T00:24:52","guid":{"rendered":"https:\/\/www.acapulcopress.com\/?p=1224001"},"modified":"2021-04-06T19:24:52","modified_gmt":"2021-04-07T00:24:52","slug":"jose-alfredo-romero-olea-tomo-protesta-como-rector-interino-de-uagro","status":"publish","type":"post","link":"https:\/\/www.acapulcopress.com\/index.php\/2021\/04\/06\/jose-alfredo-romero-olea-tomo-protesta-como-rector-interino-de-uagro\/","title":{"rendered":"Jos\u00e9 Alfredo Romero Olea tom\u00f3 protesta como Rector Interino de UAGro"},"content":{"rendered":"<p style=\"text-align: justify;\">CHILPANCIGO. * 6 de abril de 2021.<br \/>\n<em>] UAgro.<\/em><\/p>\n<p style=\"text-align: justify;\">En Sesi\u00f3n Solemne del Consejo Universitario de la Universidad Aut\u00f3noma de Guerrero (UAGro), con 146 consejeros universitarios presentes, funcionarios de la Administraci\u00f3n Central, maestros, autoridades estatales y nacionales, tom\u00f3 protesta como Rector Interino de la UAGro el Dr. Jos\u00e9 Alfredo Romero Olea, quien estar\u00e1 al frente de la <img loading=\"lazy\" decoding=\"async\" class=\"alignleft size-medium wp-image-1224002\" src=\"https:\/\/www.acapulco.press\/wp-content\/uploads\/2021\/04\/rector-uagro-375x267.jpg\" alt=\"\" width=\"375\" height=\"267\" \/>m\u00e1xima casa de estudios guerrerenses del 6 de abril al 27 de septiembre del 2021.<\/p>\n<p style=\"text-align: justify;\">Los asistentes hicieron un reconocimiento p\u00fablico a Salda\u00f1a Almaz\u00e1n por su destacado trabajo al frente de la instituci\u00f3n, la cual logr\u00f3 posicionar en el m\u00e1ximo referente acad\u00e9mico del estado y una de las mejores universidades del pa\u00eds reconocida por sus indicadores de calidad y transparencia.<\/p>\n<p style=\"text-align: justify;\">En su primer mensaje como rector interino, Romero Olea se comprometi\u00f3 a mantener la unidad y la estabilidad de la UAGro, y \u201ca realizar y cumplir cada uno de los acuerdos emitidos por el Consejo Universitario; asumimos el compromiso de dar nuestro mayor esfuerzo para contribuir al aseguramiento de los avances y logros institucionales\u201d.<\/p>\n<p style=\"text-align: justify;\">Agradeci\u00f3 la confianza que el Consejo Universitario deposit\u00f3 en su persona y agreg\u00f3 que asumir la m\u00e1s alta responsabilidad al frente de la UAGro \u201crepresenta un gran reto sobre todo en el contexto que vivimos por la pandemia, que ha afectado a la salud p\u00fablica, pero la hemos de enfrentar desde la fortaleza de nuestra instituci\u00f3n\u201d.<\/p>\n<p style=\"text-align: justify;\">Jos\u00e9 Alfredo Romero Olea dijo que es gratificante destacar que hoy, \u201cla UAGro es reconocida como una de las mejores universidades del pa\u00eds\u201d y se sum\u00f3 al reconocimiento para su antecesor: \u201ces importante resaltar el cambio que le dio Javier Salda\u00f1a Almaz\u00e1n a la instituci\u00f3n, producto del trabajo en equipo y en gran parte a la unidad de los universitarios\u201d.<\/p>\n<p style=\"text-align: justify;\">Por su parte, el gobernador del estado, H\u00e9ctor Astudillo Flores dese\u00f3 el mejor de los \u00e9xitos a Romero Olea y tambi\u00e9n reconoci\u00f3 la labor de Salda\u00f1a Almaz\u00e1n en los \u00faltimos a\u00f1os.<\/p>\n<p style=\"text-align: justify;\">El gobernador del estado ratific\u00f3 a la UAGro \u201cmi mayor respeto y compromiso con la Universidad Aut\u00f3noma de Guerrero\u201d, porque \u201chan tenido una participaci\u00f3n muy visible en el combate de la pandemia y espero que en esta etapa de transici\u00f3n sea en armon\u00eda, de entendimiento y de trabajo; siempre ser\u00e1 un espacio de responsabilidad atender y colaborar con la universidad\u201d.<\/p>\n<p style=\"text-align: justify;\">Por otra parte, el subsecretario de Educaci\u00f3n Superior del Gobierno de M\u00e9xico, Luciano Concheiro B\u00f3rquez destac\u00f3 la labor de Javier Salda\u00f1a Almaz\u00e1n que \u201chizo importantes acciones al frente de la UAGro con el incremento en las preparatorias y carreras, as\u00ed como la consolidaci\u00f3n del proyecto de regionalizaci\u00f3n y una pol\u00edtica social que le da el 13% de la matr\u00edcula a estudiantes en vulnerabilidad\u201d.<\/p>\n<p style=\"text-align: justify;\">En la sesi\u00f3n virtual tambi\u00e9n participaron el Auditor General del Estado, Alfonso Dami\u00e1n Peralta; el Director General del Consejo para la Acreditaci\u00f3n de la Educaci\u00f3n Superior, A. C. (Copaes), Alejandro Miranda Ayala; el presidente municipal de Chilpancingo, Antonio Gaspar Beltr\u00e1n; el Consejero Presidente del IEPC; Nazar\u00edn Vargas Armenta; el magistrado presidente del Poder Judicial del Estado, Alberto L\u00f3pez Celis; la presidenta de la Mesa Directiva del Congreso del Estado, Eunice Monz\u00f3n Garc\u00eda, as\u00ed como l\u00edderes sindicales, profesores y funcionarios de la m\u00e1xima casa de estudios.<\/p>\n<p style=\"text-align: justify;\"><img loading=\"lazy\" decoding=\"async\" class=\"wp-image-1224004 size-large\" src=\"https:\/\/www.acapulco.press\/wp-content\/uploads\/2021\/04\/retor-uagro-3-840x504.jpg\" alt=\"\" width=\"840\" height=\"504\" \/><\/p>\n","protected":false},"excerpt":{"rendered":"<p>CHILPANCIGO. * 6 de abril de 2021. ] UAgro. En Sesi\u00f3n Solemne del Consejo Universitario de la Universidad Aut\u00f3noma de Guerrero (UAGro), con 146 consejeros universitarios presentes, funcionarios de la Administraci\u00f3n Central, maestros, autoridades estatales y nacionales, tom\u00f3 protesta como Rector Interino de la UAGro el Dr. Jos\u00e9 Alfredo Romero Olea, quien estar\u00e1 al frente&#8230;<\/p>\n","protected":false},"author":2,"featured_media":1224003,"comment_status":"closed","ping_status":"closed","sticky":false,"template":"","format":"standard","meta":{"footnotes":""},"categories":[18584,1972,18561,2016],"tags":[10980,17463,17610],"class_list":["post-1224001","post","type-post","status-publish","format-standard","has-post-thumbnail","hentry","category-educacion-superior","category-special","category-society-politics","category-uagro-society-politics","tag-jose-alfredo-romero-olea","tag-uagro","tag-universidad-autonoma-de-guerrero-uagro"],"_links":{"self":[{"href":"https:\/\/www.acapulcopress.com\/index.php\/wp-json\/wp\/v2\/posts\/1224001","targetHints":{"allow":["GET"]}}],"collection":[{"href":"https:\/\/www.acapulcopress.com\/index.php\/wp-json\/wp\/v2\/posts"}],"about":[{"href":"https:\/\/www.acapulcopress.com\/index.php\/wp-json\/wp\/v2\/types\/post"}],"author":[{"embeddable":true,"href":"https:\/\/www.acapulcopress.com\/index.php\/wp-json\/wp\/v2\/users\/2"}],"replies":[{"embeddable":true,"href":"https:\/\/www.acapulcopress.com\/index.php\/wp-json\/wp\/v2\/comments?post=1224001"}],"version-history":[{"count":0,"href":"https:\/\/www.acapulcopress.com\/index.php\/wp-json\/wp\/v2\/posts\/1224001\/revisions"}],"wp:featuredmedia":[{"embeddable":true,"href":"https:\/\/www.acapulcopress.com\/index.php\/wp-json\/"}],"wp:attachment":[{"href":"https:\/\/www.acapulcopress.com\/index.php\/wp-json\/wp\/v2\/media?parent=1224001"}],"wp:term":[{"taxonomy":"category","embeddable":true,"href":"https:\/\/www.acapulcopress.com\/index.php\/wp-json\/wp\/v2\/categories?post=1224001"},{"taxonomy":"post_tag","embeddable":true,"href":"https:\/\/www.acapulcopress.com\/index.php\/wp-json\/wp\/v2\/tags?post=1224001"}],"curies":[{"name":"wp","href":"https:\/\/api.w.org\/{rel}","templated":true}]}}