{"id":1224029,"date":"2021-04-06T21:07:40","date_gmt":"2021-04-07T02:07:40","guid":{"rendered":"https:\/\/www.acapulcopress.com\/?p=1224029"},"modified":"2021-04-06T21:07:40","modified_gmt":"2021-04-07T02:07:40","slug":"ernesto-rivera-el-jefe-angel-aguirre-rivero","status":"publish","type":"post","link":"https:\/\/www.acapulcopress.com\/index.php\/2021\/04\/06\/ernesto-rivera-el-jefe-angel-aguirre-rivero\/","title":{"rendered":"Ernesto Rivera | &#8216;El Jefe&#8217; \u00c1ngel Aguirre Rivero"},"content":{"rendered":"<p style=\"text-align: justify;\"><em>Tercera V\u00eda<\/em><br \/>\n] <strong>Ernesto Rvera Rodr\u00edguez<\/strong>.<\/p>\n<p style=\"text-align: justify;\">En la actual pol\u00edtica guerrerense \u00c1ngel Aguirre Rivero se cuece aparte, el exgobernador de Guerrero por dos ocasiones, primero c\u00f3mo pri\u00edsta interino 1996, y posteriormente perredista como Gobernador Constitucional, mantiene la jer\u00e1rquia cuyo oficio pol\u00edtico es requerido por propios\u00a0 y extra\u00f1os no es de sorprendernos que en este proceso electoral sea un factor importante por no decir \u00abfactotum\u00bb en la resoluci\u00f3n y determinaci\u00f3n de la firma de acuerdos de la alianza PRD-PRI en Guerrero para que caminaran sobre terreno f\u00e9rtil estos institutos pol\u00edticos ayer antag\u00f3nicos.<\/p>\n<p style=\"text-align: justify;\">Aunque dicha alianza a fortalecido a ambos es notorio que existen muchas fisuras pol\u00edticas en todo aquello que es tejido por la capacidad y naturaleza de hombres que traen consigue escondidos intereses que seg\u00fan ellos son capaces de hacer trizas tan delicados equilibrios y empujar de \u00abfacto\u00bb da\u00f1inas rupturas que pondr\u00edan en riesgo la ya de por s\u00ed fr\u00e1gil alianza PRI-PRD.<\/p>\n<p style=\"text-align: justify;\">El encuentro de \u00c1ngel Aguirre Rivero con Mario Moreno Arcos, candidato al gobierno del estado por la alianza PRD-PRI, en el mitin del inicio de\u00a0 campa\u00f1a de Ricardo Astudillo Calvo, c\u00f3mo candidato a diputado local por el Distrito 7, el pasado domingo 4 de Abril, y posteriormente en su \u00abterru\u00f1o el Bello Nido\u00bb,\u00a0 representa un firme \u00abespaldarazo\u00bb a la alianza PRD-PRI, y aleja los barruntos divisionistas que desde las \u00abpraderas\u00bb llaman al rompimiento.<\/p>\n<p style=\"text-align: justify;\">En pol\u00edtica no hay nada mas barato que todo aquello que se compra con dinero, esto por generaciones queda comprobado, c\u00f3mo el pago por el acarreo de gente a la supuesta mega marcha felixista, que result\u00f3 no serlo y afirmada por responsables de camiones urbanos contratados para entregar en efectivo a la gente de decenas de colonias que arribaron a la marcha debidamente aceitados con y en\u00a0 \u00abefectivo\u00bb.<\/p>\n<p style=\"text-align: justify;\">No s\u00f3lo de pan vive el hombre, y m\u00e1s cuando a sido \u00abcebado con manteca\u00bb, por ello la gran diferencia de ver y enfrentarse ante las circunstancias pol\u00edticas es abismal entre V\u00edctor Aguirre Alcaine y Ricardo Taja Ram\u00edrez. V\u00edctor empuja, Ricardo es empujado. V\u00edctor es atrabancado&#8230; Ricardo es\u00a0 d\u00f3cil, la diferencia del discurso pol\u00edtico ideol\u00f3gico es abismal. Ricardo Taja carece de ello, pero su engranaje pol\u00edtico tiene otras afinidades, es constructor de plataformas pol\u00edticas de manera natural, no se complica en redundancias, ni en ejemplos arcaicos por lo que su mensaje es directo sin confrontarse, su popularidad radica en la forma de moldear el presente con el quehacer pol\u00edtico e igualmente llevado de la mano con el acercamiento intuitivo con el electorado.<\/p>\n<p style=\"text-align: justify;\">Angel hoy se situa de manera natural en el espacio bisagra entre los antagonismos ideol\u00f3gicos e intereses de poder que pocos ser\u00edan capaces de buscar sin demoler a las propias instituciones en su beneficio, manteniendo firme el puente de la alianza PRD-PRI&#8230; necesario m\u00e1s all\u00e1 del 6 de Junio y cuyo blindaje sea capaz de perdurar hasta el 24&#8230;hay alianzas que han formado naciones&#8230; porqu\u00e9 no armar un estado como Guerrero.<\/p>\n","protected":false},"excerpt":{"rendered":"<p>Tercera V\u00eda ] Ernesto Rvera Rodr\u00edguez. En la actual pol\u00edtica guerrerense \u00c1ngel Aguirre Rivero se cuece aparte, el exgobernador de Guerrero por dos ocasiones, primero c\u00f3mo pri\u00edsta interino 1996, y posteriormente perredista como Gobernador Constitucional, mantiene la jer\u00e1rquia cuyo oficio pol\u00edtico es requerido por propios\u00a0 y extra\u00f1os no es de sorprendernos que en este proceso&#8230;<\/p>\n","protected":false},"author":2,"featured_media":1224030,"comment_status":"closed","ping_status":"closed","sticky":false,"template":"","format":"standard","meta":{"footnotes":""},"categories":[2071,1991],"tags":[3926,8066,12685,17071],"class_list":["post-1224029","post","type-post","status-publish","format-standard","has-post-thumbnail","hentry","category-opinion-analisis-columnas","category-libertad-de-expresion","tag-angel-aguirre-rivero","tag-ernesto-rvera-rodriguez","tag-mario-moreno-arcos","tag-tercera-via"],"_links":{"self":[{"href":"https:\/\/www.acapulcopress.com\/index.php\/wp-json\/wp\/v2\/posts\/1224029","targetHints":{"allow":["GET"]}}],"collection":[{"href":"https:\/\/www.acapulcopress.com\/index.php\/wp-json\/wp\/v2\/posts"}],"about":[{"href":"https:\/\/www.acapulcopress.com\/index.php\/wp-json\/wp\/v2\/types\/post"}],"author":[{"embeddable":true,"href":"https:\/\/www.acapulcopress.com\/index.php\/wp-json\/wp\/v2\/users\/2"}],"replies":[{"embeddable":true,"href":"https:\/\/www.acapulcopress.com\/index.php\/wp-json\/wp\/v2\/comments?post=1224029"}],"version-history":[{"count":0,"href":"https:\/\/www.acapulcopress.com\/index.php\/wp-json\/wp\/v2\/posts\/1224029\/revisions"}],"wp:featuredmedia":[{"embeddable":true,"href":"https:\/\/www.acapulcopress.com\/index.php\/wp-json\/"}],"wp:attachment":[{"href":"https:\/\/www.acapulcopress.com\/index.php\/wp-json\/wp\/v2\/media?parent=1224029"}],"wp:term":[{"taxonomy":"category","embeddable":true,"href":"https:\/\/www.acapulcopress.com\/index.php\/wp-json\/wp\/v2\/categories?post=1224029"},{"taxonomy":"post_tag","embeddable":true,"href":"https:\/\/www.acapulcopress.com\/index.php\/wp-json\/wp\/v2\/tags?post=1224029"}],"curies":[{"name":"wp","href":"https:\/\/api.w.org\/{rel}","templated":true}]}}