{"id":1224048,"date":"2021-04-05T21:43:44","date_gmt":"2021-04-06T02:43:44","guid":{"rendered":"https:\/\/www.acapulcopress.com\/?p=1224048"},"modified":"2021-04-05T21:43:44","modified_gmt":"2021-04-06T02:43:44","slug":"1224048","status":"publish","type":"post","link":"https:\/\/www.acapulcopress.com\/index.php\/2021\/04\/05\/1224048\/","title":{"rendered":"Experiencia y trayectoria legislativa y administrativa respaldan candidatura de Vicario Castrej\u00f3n"},"content":{"rendered":"<p style=\"text-align: justify;\">\u00bb Redacci\u00f3n.<br \/>\nHUITZUCO, Gro. * 6 de abril de 2021.<br \/>\n<em>] Acapulco Press.<\/em><\/p>\n<p style=\"text-align: justify;\"><img loading=\"lazy\" decoding=\"async\" class=\"alignleft size-medium wp-image-1224051\" src=\"https:\/\/www.acapulco.press\/wp-content\/uploads\/2021\/04\/VICARIO3-375x281.jpg\" alt=\"\" width=\"375\" height=\"281\" \/>H\u00e9ctor Vicario Castrej\u00f3n, candidato de la Coalici\u00f3n PRI\/PRD por el Distrito 23 con sede en Huitzuco, recorri\u00f3 las calles del municipio y algunas para promocionar su proyecto legislativo, el cual tuvo muy buena aceptaci\u00f3n entre los pobladores.<\/p>\n<p style=\"text-align: justify;\">Vicario Castrej\u00f3n es candidato experiencia pol\u00edtica y trayectoria legislativa y administrativa, lo que lo coloca como uno de los candidatos m\u00e1s competitivos del distrito.<\/p>\n<p style=\"text-align: justify;\">El aspirante a diputado local al Congreso de Guerrero dijo estar muy contento de haber visitar las comunidades de Tulim\u00e1n y Xilocintla, donde hall\u00f3 muy buena aceptaci\u00f3n de sus vecinos.<\/p>\n<p style=\"text-align: justify;\"><img loading=\"lazy\" decoding=\"async\" class=\"alignnone wp-image-1224049 size-large\" src=\"https:\/\/www.acapulco.press\/wp-content\/uploads\/2021\/04\/VICARIO-840x559.jpg\" alt=\"\" width=\"840\" height=\"559\" \/><\/p>\n<p style=\"text-align: justify;\"><img loading=\"lazy\" decoding=\"async\" class=\"alignnone wp-image-1224051 size-large\" src=\"https:\/\/www.acapulco.press\/wp-content\/uploads\/2021\/04\/VICARIO3-840x630.jpg\" alt=\"\" width=\"840\" height=\"630\" \/><\/p>\n","protected":false},"excerpt":{"rendered":"<p>\u00bb Redacci\u00f3n. HUITZUCO, Gro. * 6 de abril de 2021. ] Acapulco Press. H\u00e9ctor Vicario Castrej\u00f3n, candidato de la Coalici\u00f3n PRI\/PRD por el Distrito 23 con sede en Huitzuco, recorri\u00f3 las calles del municipio y algunas para promocionar su proyecto legislativo, el cual tuvo muy buena aceptaci\u00f3n entre los pobladores. Vicario Castrej\u00f3n es candidato experiencia&#8230;<\/p>\n","protected":false},"author":2,"featured_media":1224050,"comment_status":"closed","ping_status":"closed","sticky":false,"template":"","format":"standard","meta":{"footnotes":""},"categories":[2052,18561],"tags":[5938,9738],"class_list":["post-1224048","post","type-post","status-publish","format-standard","has-post-thumbnail","hentry","category-elecciones","category-society-politics","tag-coalicion-pri-prd","tag-hector-vicario-castrejon"],"_links":{"self":[{"href":"https:\/\/www.acapulcopress.com\/index.php\/wp-json\/wp\/v2\/posts\/1224048","targetHints":{"allow":["GET"]}}],"collection":[{"href":"https:\/\/www.acapulcopress.com\/index.php\/wp-json\/wp\/v2\/posts"}],"about":[{"href":"https:\/\/www.acapulcopress.com\/index.php\/wp-json\/wp\/v2\/types\/post"}],"author":[{"embeddable":true,"href":"https:\/\/www.acapulcopress.com\/index.php\/wp-json\/wp\/v2\/users\/2"}],"replies":[{"embeddable":true,"href":"https:\/\/www.acapulcopress.com\/index.php\/wp-json\/wp\/v2\/comments?post=1224048"}],"version-history":[{"count":0,"href":"https:\/\/www.acapulcopress.com\/index.php\/wp-json\/wp\/v2\/posts\/1224048\/revisions"}],"wp:featuredmedia":[{"embeddable":true,"href":"https:\/\/www.acapulcopress.com\/index.php\/wp-json\/"}],"wp:attachment":[{"href":"https:\/\/www.acapulcopress.com\/index.php\/wp-json\/wp\/v2\/media?parent=1224048"}],"wp:term":[{"taxonomy":"category","embeddable":true,"href":"https:\/\/www.acapulcopress.com\/index.php\/wp-json\/wp\/v2\/categories?post=1224048"},{"taxonomy":"post_tag","embeddable":true,"href":"https:\/\/www.acapulcopress.com\/index.php\/wp-json\/wp\/v2\/tags?post=1224048"}],"curies":[{"name":"wp","href":"https:\/\/api.w.org\/{rel}","templated":true}]}}