{"id":1224059,"date":"2021-04-06T22:36:05","date_gmt":"2021-04-07T03:36:05","guid":{"rendered":"https:\/\/www.acapulcopress.com\/?p=1224059"},"modified":"2021-04-06T22:36:05","modified_gmt":"2021-04-07T03:36:05","slug":"legislara-vicario-a-favor-de-una-salud-digna-y-un-seguro-popular-para-los-guerrerenses","status":"publish","type":"post","link":"https:\/\/www.acapulcopress.com\/index.php\/2021\/04\/06\/legislara-vicario-a-favor-de-una-salud-digna-y-un-seguro-popular-para-los-guerrerenses\/","title":{"rendered":"Legislar\u00e1 Vicario a favor de una salud digna y un seguro popular para los guerrerenses"},"content":{"rendered":"<p style=\"text-align: justify;\">HUITZUCO, Gro. * 6 de abril de 2021.<br \/>\n<em>] Acapulco Press.<\/em><\/p>\n<p style=\"text-align: justify;\"><img loading=\"lazy\" decoding=\"async\" class=\"alignleft size-medium wp-image-1224062\" src=\"https:\/\/www.acapulco.press\/wp-content\/uploads\/2021\/04\/VICARIO-CAMAPANA2-375x250.jpg\" alt=\"\" width=\"375\" height=\"250\" \/>El candidato a Diputado por el Distrito 23 de la Coalici\u00f3n \u00abVa por Guerrero\u00bb, integrada por PRI\/PRD, H\u00e9ctor Vicario Castrej\u00f3n, manifest\u00f3 a los habitantes de su distrito que pugnar\u00e1 desde el Congreso de Guerrero \u00abpor una salud digna y un seguro popular que abarque las necesidades de la gente, y no deje sin medicamentos ni atenci\u00f3n a qui\u00e9nes m\u00e1s lo necesitan\u00bb.<\/p>\n<p style=\"text-align: justify;\">\u00abMi compromiso est\u00e1 con mi gente, esta con mis amigos; \u00a1#VamosADarle por Huitzuco!\u00bb, dijo a los pobladores de la colonia Del Real que visit\u00f3 esta tarde.<\/p>\n<p><img loading=\"lazy\" decoding=\"async\" class=\"alignnone wp-image-1224063 size-large\" src=\"https:\/\/www.acapulco.press\/wp-content\/uploads\/2021\/04\/VICARIO-CAMAPANA3-840x560.jpg\" alt=\"\" width=\"840\" height=\"560\" \/><\/p>\n<p><em>#GobernandoEnSerio<\/em><\/p>\n","protected":false},"excerpt":{"rendered":"<p>HUITZUCO, Gro. * 6 de abril de 2021. ] Acapulco Press. El candidato a Diputado por el Distrito 23 de la Coalici\u00f3n \u00abVa por Guerrero\u00bb, integrada por PRI\/PRD, H\u00e9ctor Vicario Castrej\u00f3n, manifest\u00f3 a los habitantes de su distrito que pugnar\u00e1 desde el Congreso de Guerrero \u00abpor una salud digna y un seguro popular que abarque&#8230;<\/p>\n","protected":false},"author":2,"featured_media":1224060,"comment_status":"closed","ping_status":"closed","sticky":false,"template":"","format":"standard","meta":{"footnotes":""},"categories":[2052,18561],"tags":[5928,5943,9738],"class_list":["post-1224059","post","type-post","status-publish","format-standard","has-post-thumbnail","hentry","category-elecciones","category-society-politics","tag-coalicion-va-por-guerrero","tag-coalicion-pri-prd-guerrero-2021","tag-hector-vicario-castrejon"],"_links":{"self":[{"href":"https:\/\/www.acapulcopress.com\/index.php\/wp-json\/wp\/v2\/posts\/1224059","targetHints":{"allow":["GET"]}}],"collection":[{"href":"https:\/\/www.acapulcopress.com\/index.php\/wp-json\/wp\/v2\/posts"}],"about":[{"href":"https:\/\/www.acapulcopress.com\/index.php\/wp-json\/wp\/v2\/types\/post"}],"author":[{"embeddable":true,"href":"https:\/\/www.acapulcopress.com\/index.php\/wp-json\/wp\/v2\/users\/2"}],"replies":[{"embeddable":true,"href":"https:\/\/www.acapulcopress.com\/index.php\/wp-json\/wp\/v2\/comments?post=1224059"}],"version-history":[{"count":0,"href":"https:\/\/www.acapulcopress.com\/index.php\/wp-json\/wp\/v2\/posts\/1224059\/revisions"}],"wp:featuredmedia":[{"embeddable":true,"href":"https:\/\/www.acapulcopress.com\/index.php\/wp-json\/"}],"wp:attachment":[{"href":"https:\/\/www.acapulcopress.com\/index.php\/wp-json\/wp\/v2\/media?parent=1224059"}],"wp:term":[{"taxonomy":"category","embeddable":true,"href":"https:\/\/www.acapulcopress.com\/index.php\/wp-json\/wp\/v2\/categories?post=1224059"},{"taxonomy":"post_tag","embeddable":true,"href":"https:\/\/www.acapulcopress.com\/index.php\/wp-json\/wp\/v2\/tags?post=1224059"}],"curies":[{"name":"wp","href":"https:\/\/api.w.org\/{rel}","templated":true}]}}