{"id":1224080,"date":"2021-04-07T19:29:00","date_gmt":"2021-04-08T00:29:00","guid":{"rendered":"https:\/\/www.acapulcopress.com\/?p=1224080"},"modified":"2021-04-07T19:29:00","modified_gmt":"2021-04-08T00:29:00","slug":"retorno-del-seguro-popular-y-estancias-infantiles-temas-prioritarios-en-la-agenda-legislativa-de-paco-rodriguez","status":"publish","type":"post","link":"https:\/\/www.acapulcopress.com\/index.php\/2021\/04\/07\/retorno-del-seguro-popular-y-estancias-infantiles-temas-prioritarios-en-la-agenda-legislativa-de-paco-rodriguez\/","title":{"rendered":"Retorno del Seguro Popular y Estancias Infantiles, temas prioritarios en la agenda legislativa de #Paco Rodr\u00edguez"},"content":{"rendered":"<p style=\"text-align: justify;\">ACAPULCO. * 7 de abril de 2021.<br \/>\n<em>] Acapulco Press.<\/em><\/p>\n<p style=\"text-align: justify;\">El candidato a Diputado local por el Distrito 3 por la Coalici\u00f3n #VaPorGuerrero, Francisco Rodr\u00edguez Otero, se\u00f1al\u00f3 que como legislador en el Congreso del Estado promover\u00e1 el retorno del Seguro Popular para beneficio de las familias de escasos recursos y las Estancias Infantiles para las madres solteras que trabajan o estudian.<\/p>\n<p style=\"text-align: justify;\">Con Mario Moreno Arcos, candidato aliancista a Gobernador de Guerrero, \u00abSomos un equipo y trabajaremos hombro a hombro por el beneficio de todos los guerrerenses; \u00e9l del lado de la implementaci\u00f3n de los programas sociales que beneficies a los guerrerenses y yo del lado legislativo que contribuya a leyes m\u00e1s justas para Guerrero\u00bb.<\/p>\n<p style=\"text-align: justify;\">Finalmente, #Paco Rodr\u00edguez destac\u00f3 que la salud de los guerrerenses es vital, por lo tanto, ese otro rubro ser\u00e1 otro de los temas en el que aportar\u00e1 su ayuda para que jam\u00e1s falte la atenci\u00f3n m\u00e9dica para las familias de Guerrero.<br \/>\nwww.acapulco.press<\/p>\n","protected":false},"excerpt":{"rendered":"<p>ACAPULCO. * 7 de abril de 2021. ] Acapulco Press. El candidato a Diputado local por el Distrito 3 por la Coalici\u00f3n #VaPorGuerrero, Francisco Rodr\u00edguez Otero, se\u00f1al\u00f3 que como legislador en el Congreso del Estado promover\u00e1 el retorno del Seguro Popular para beneficio de las familias de escasos recursos y las Estancias Infantiles para las&#8230;<\/p>\n","protected":false},"author":2,"featured_media":1224081,"comment_status":"closed","ping_status":"closed","sticky":false,"template":"","format":"standard","meta":{"footnotes":""},"categories":[2052,18561],"tags":[5929,5943,8895],"class_list":["post-1224080","post","type-post","status-publish","format-standard","has-post-thumbnail","hentry","category-elecciones","category-society-politics","tag-coalicion-vaporguerrero","tag-coalicion-pri-prd-guerrero-2021","tag-francisco-rodriguez-otero"],"_links":{"self":[{"href":"https:\/\/www.acapulcopress.com\/index.php\/wp-json\/wp\/v2\/posts\/1224080","targetHints":{"allow":["GET"]}}],"collection":[{"href":"https:\/\/www.acapulcopress.com\/index.php\/wp-json\/wp\/v2\/posts"}],"about":[{"href":"https:\/\/www.acapulcopress.com\/index.php\/wp-json\/wp\/v2\/types\/post"}],"author":[{"embeddable":true,"href":"https:\/\/www.acapulcopress.com\/index.php\/wp-json\/wp\/v2\/users\/2"}],"replies":[{"embeddable":true,"href":"https:\/\/www.acapulcopress.com\/index.php\/wp-json\/wp\/v2\/comments?post=1224080"}],"version-history":[{"count":0,"href":"https:\/\/www.acapulcopress.com\/index.php\/wp-json\/wp\/v2\/posts\/1224080\/revisions"}],"wp:featuredmedia":[{"embeddable":true,"href":"https:\/\/www.acapulcopress.com\/index.php\/wp-json\/"}],"wp:attachment":[{"href":"https:\/\/www.acapulcopress.com\/index.php\/wp-json\/wp\/v2\/media?parent=1224080"}],"wp:term":[{"taxonomy":"category","embeddable":true,"href":"https:\/\/www.acapulcopress.com\/index.php\/wp-json\/wp\/v2\/categories?post=1224080"},{"taxonomy":"post_tag","embeddable":true,"href":"https:\/\/www.acapulcopress.com\/index.php\/wp-json\/wp\/v2\/tags?post=1224080"}],"curies":[{"name":"wp","href":"https:\/\/api.w.org\/{rel}","templated":true}]}}