{"id":1224101,"date":"2021-04-07T21:45:51","date_gmt":"2021-04-08T02:45:51","guid":{"rendered":"https:\/\/www.acapulcopress.com\/?p=1224101"},"modified":"2021-04-07T21:45:51","modified_gmt":"2021-04-08T02:45:51","slug":"angel-irra-morena-sin-candidato-y-mario-moreno-sigue-sumando","status":"publish","type":"post","link":"https:\/\/www.acapulcopress.com\/index.php\/2021\/04\/07\/angel-irra-morena-sin-candidato-y-mario-moreno-sigue-sumando\/","title":{"rendered":"\u00c1ngel Irra | Morena sin candidato&#8230; y Mario Moreno sigue sumando"},"content":{"rendered":"<p style=\"text-align: justify;\">Un Rapid\u00edn<br \/>\n] Con \u00c1ngel Irra Carceda<br \/>\n<em>| angelirracar@hotmail.com.<\/em><\/p>\n<p style=\"text-align: justify;\">Mientras que la candidatura del ol\u00e9mico F\u00e9lix Salgado Macedonio contin\u00faa en vilo, las posibilidades de triunfo del candidato del PRI-PRD, Mario Moreno Arcos, siguen creciendo.<\/p>\n<p style=\"text-align: justify;\">La cancelaci\u00f3n del registro de la candidatura de F\u00e9lix Salgado, no es culpa del Instituto Electoral Nacional (INE).<\/p>\n<p style=\"text-align: justify;\">De ninguna manera. F\u00e9lix Salgado deber\u00eda reclamar eso a los responsables de este tema en su partido, Morena.<\/p>\n<p style=\"text-align: justify;\">Debido a lo anterior, les guste o no ha perdido mucho tiempo en este periodo de campa\u00f1a. Tiempo que s\u00ed ha aprovechado la alianza PRI-PRD.<\/p>\n<p style=\"text-align: justify;\">Y a eso s\u00famenle la divisi\u00f3n en las entra\u00f1as de Morena, con las imposiciones de candidatos, tema en el que tambi\u00e9n muchos morenistas culpan al propio Toro.<\/p>\n<p style=\"text-align: justify;\">Adem\u00e1s, se advierte un voto cruzado entre los morenistas, culpa de todo el \u201cdesgarriate\u201d que arm\u00f3 el dirigente nacional de Morena, Mario Delgado, con la definici\u00f3n de candidatos, en todo el pa\u00eds.<\/p>\n<p style=\"text-align: justify;\">Y as\u00ed, mientras que en Morena siguen en la indefinici\u00f3n de su candidato a la gubernatura, Mario Moreno contin\u00faa recibiendo adhesiones a su candidatura.<\/p>\n<p style=\"text-align: justify;\">Lleva semanas sumando fuerzas de actores importantes de partidos y de organizaciones sociales.<\/p>\n<p style=\"text-align: justify;\">Creo que, quienes le apostaban a una derrota anunciada de la alianza PRI-PRD, en estos momentos ya est\u00e1n preocupados.<\/p>\n<p style=\"text-align: justify;\">Morena sigue siendo una marca pol\u00edtico electoral fuerte. Pero en la boleta ya no estar\u00e1 AMLO. No es el 2018.<\/p>\n<p style=\"text-align: justify;\">Faltan casi ocho semanas para la elecci\u00f3n. Morena sigue sin candidato, y la alianza PRI-PRD contin\u00faa avanzando. Y en esta semana recibir\u00e1n m\u00e1s adhesiones.<\/p>\n<p style=\"text-align: justify;\">As\u00ed el escenario. As\u00ed los hechos.<\/p>\n","protected":false},"excerpt":{"rendered":"<p>Un Rapid\u00edn ] Con \u00c1ngel Irra Carceda | angelirracar@hotmail.com. Mientras que la candidatura del ol\u00e9mico F\u00e9lix Salgado Macedonio contin\u00faa en vilo, las posibilidades de triunfo del candidato del PRI-PRD, Mario Moreno Arcos, siguen creciendo. La cancelaci\u00f3n del registro de la candidatura de F\u00e9lix Salgado, no es culpa del Instituto Electoral Nacional (INE). De ninguna manera&#8230;.<\/p>\n","protected":false},"author":2,"featured_media":1224102,"comment_status":"closed","ping_status":"closed","sticky":false,"template":"","format":"standard","meta":{"footnotes":""},"categories":[2071,1991],"tags":[3938,10246,12675,12685,13297,17510],"class_list":["post-1224101","post","type-post","status-publish","format-standard","has-post-thumbnail","hentry","category-opinion-analisis-columnas","category-libertad-de-expresion","tag-angel-irra-carceda","tag-instituto-electoral-nacional-ine","tag-mario-delgado","tag-mario-moreno-arcos","tag-morena","tag-un-rapidi"],"_links":{"self":[{"href":"https:\/\/www.acapulcopress.com\/index.php\/wp-json\/wp\/v2\/posts\/1224101","targetHints":{"allow":["GET"]}}],"collection":[{"href":"https:\/\/www.acapulcopress.com\/index.php\/wp-json\/wp\/v2\/posts"}],"about":[{"href":"https:\/\/www.acapulcopress.com\/index.php\/wp-json\/wp\/v2\/types\/post"}],"author":[{"embeddable":true,"href":"https:\/\/www.acapulcopress.com\/index.php\/wp-json\/wp\/v2\/users\/2"}],"replies":[{"embeddable":true,"href":"https:\/\/www.acapulcopress.com\/index.php\/wp-json\/wp\/v2\/comments?post=1224101"}],"version-history":[{"count":0,"href":"https:\/\/www.acapulcopress.com\/index.php\/wp-json\/wp\/v2\/posts\/1224101\/revisions"}],"wp:featuredmedia":[{"embeddable":true,"href":"https:\/\/www.acapulcopress.com\/index.php\/wp-json\/"}],"wp:attachment":[{"href":"https:\/\/www.acapulcopress.com\/index.php\/wp-json\/wp\/v2\/media?parent=1224101"}],"wp:term":[{"taxonomy":"category","embeddable":true,"href":"https:\/\/www.acapulcopress.com\/index.php\/wp-json\/wp\/v2\/categories?post=1224101"},{"taxonomy":"post_tag","embeddable":true,"href":"https:\/\/www.acapulcopress.com\/index.php\/wp-json\/wp\/v2\/tags?post=1224101"}],"curies":[{"name":"wp","href":"https:\/\/api.w.org\/{rel}","templated":true}]}}