{"id":1224124,"date":"2021-04-08T01:18:58","date_gmt":"2021-04-08T06:18:58","guid":{"rendered":"https:\/\/www.acapulcopress.com\/?p=1224124"},"modified":"2021-04-08T01:18:58","modified_gmt":"2021-04-08T06:18:58","slug":"angel-irra-acapulco-y-chilpancingo-para-quien","status":"publish","type":"post","link":"https:\/\/www.acapulcopress.com\/index.php\/2021\/04\/08\/angel-irra-acapulco-y-chilpancingo-para-quien\/","title":{"rendered":"\u00c1ngel Irra | Acapulco y Chilpancingo, \u00bfpara qui\u00e9n?"},"content":{"rendered":"<p style=\"text-align: justify;\">Un Rapid\u00edn<br \/>\n] Con <strong>\u00c1ngel Irra Carceda<\/strong><br \/>\n<em>| angelirracar@hotmail.com.<\/em><\/p>\n<p style=\"text-align: justify;\">En Acapulco Morena est\u00e1 en riesgo de perder la Alcald\u00eda, por la marcada divisi\u00f3n entre los morenistas, por la poca o nula trasparencia con la que designaron candidata a Abelina L\u00f3pez Rodr\u00edguez.<\/p>\n<p style=\"text-align: justify;\">Los aspirantes a esa candidatura no est\u00e1n de acuerdo con la designaci\u00f3n de esta diputada federal con licencia vinculada al grupo cercano de F\u00e9lix Salgado Macedonio.<\/p>\n<p style=\"text-align: justify;\">Esta mujer se avienta con todo en contra de la corrupci\u00f3n, pero en octubre pasado revel\u00f3 en tribuna de la C\u00e1mara que soborn\u00f3 a un ministerio p\u00fablico con 20 mil pesos.<\/p>\n<p style=\"text-align: justify;\">As\u00ed, de ese tama\u00f1o, su \u201clucha\u201d contra los corruptos. Pos chance y le gusten los escopetazos en pata propia.<\/p>\n<p style=\"text-align: justify;\">Quienes no asimilan su designaci\u00f3n como virtual candidata a la Alcald\u00eda, son los legisladores Rosario Merl\u00edn y Zeferino G\u00f3mez, as\u00ed como Yoshio \u00c1vila, el regidor Ilich Lozano Herrera, el ex gobernador Zeferino Torreblanca y la actual alcaldesa Adela Rom\u00e1n Ocampo.<\/p>\n<p style=\"text-align: justify;\">Morena en Acapulco no pinta bien. Al descontento entre varios de sus grupos pol\u00edticos, que podr\u00edan cobrar factura a Abelina L\u00f3pez, habr\u00eda que sumarle la muy cuestionada gesti\u00f3n de la alcaldesa Adela Rom\u00e1n.<\/p>\n<p style=\"text-align: justify;\">En ese escenario, el perredista V\u00edctor Aguirre Alcaide o el priista Ricardo Taja Ram\u00edrez le ganar\u00edan a Abelina L\u00f3pez la elecci\u00f3n el seis de junio pr\u00f3ximo, si saben aprovechar las circunstancias en torno a esta diputada federal con licencia.<br \/>\nEn Chilpancingo el que podr\u00eda ganar la Alcald\u00eda es el prisita Jorge Salgado Parra, pero siempre y cuando sea el candidato de la Alianza PRI-PRD.<\/p>\n<p style=\"text-align: justify;\">Si estos partidos van divididos, con su propio candidato, perder\u00e1n la contienda.<\/p>\n<p style=\"text-align: justify;\">Quiz\u00e1 Salgado Parra sea el m\u00e1s fuerte aspirante, pero estar\u00eda -en ese escenario- en riesgo de que le aplique una buena tunda la virtual candidata de Morena, la diputada local Norma Otilia Hern\u00e1ndez.<\/p>\n<p style=\"text-align: justify;\">Norma Otilia Hern\u00e1ndez tendr\u00eda a su favor la tambi\u00e9n s\u00faper cuestionada gesti\u00f3n del alcalde perredista, Antonio Gaspar Beltr\u00e1n, quien se qued\u00f3 \u201cchiflando\u201d en la loma por sus frustradas ambiciones pol\u00edtico electorales.<\/p>\n","protected":false},"excerpt":{"rendered":"<p>Un Rapid\u00edn ] Con \u00c1ngel Irra Carceda | angelirracar@hotmail.com. En Acapulco Morena est\u00e1 en riesgo de perder la Alcald\u00eda, por la marcada divisi\u00f3n entre los morenistas, por la poca o nula trasparencia con la que designaron candidata a Abelina L\u00f3pez Rodr\u00edguez. Los aspirantes a esa candidatura no est\u00e1n de acuerdo con la designaci\u00f3n de esta&#8230;<\/p>\n","protected":false},"author":2,"featured_media":1224125,"comment_status":"closed","ping_status":"closed","sticky":false,"template":"","format":"standard","meta":{"footnotes":""},"categories":[2071,1991],"tags":[3077,3257,8467,10931,13297,13743,14804,14914,15606,18271],"class_list":["post-1224124","post","type-post","status-publish","format-standard","has-post-thumbnail","hentry","category-opinion-analisis-columnas","category-libertad-de-expresion","tag-abelina-lopez-rodriguez","tag-adela-roman-ocampo","tag-felix-salgado-macedonio","tag-jorge-salgado-parra","tag-morena","tag-norma-otilia-hernandez","tag-prd","tag-pri","tag-ricardo-taja-ramirez","tag-yoshio-avila"],"_links":{"self":[{"href":"https:\/\/www.acapulcopress.com\/index.php\/wp-json\/wp\/v2\/posts\/1224124","targetHints":{"allow":["GET"]}}],"collection":[{"href":"https:\/\/www.acapulcopress.com\/index.php\/wp-json\/wp\/v2\/posts"}],"about":[{"href":"https:\/\/www.acapulcopress.com\/index.php\/wp-json\/wp\/v2\/types\/post"}],"author":[{"embeddable":true,"href":"https:\/\/www.acapulcopress.com\/index.php\/wp-json\/wp\/v2\/users\/2"}],"replies":[{"embeddable":true,"href":"https:\/\/www.acapulcopress.com\/index.php\/wp-json\/wp\/v2\/comments?post=1224124"}],"version-history":[{"count":0,"href":"https:\/\/www.acapulcopress.com\/index.php\/wp-json\/wp\/v2\/posts\/1224124\/revisions"}],"wp:featuredmedia":[{"embeddable":true,"href":"https:\/\/www.acapulcopress.com\/index.php\/wp-json\/"}],"wp:attachment":[{"href":"https:\/\/www.acapulcopress.com\/index.php\/wp-json\/wp\/v2\/media?parent=1224124"}],"wp:term":[{"taxonomy":"category","embeddable":true,"href":"https:\/\/www.acapulcopress.com\/index.php\/wp-json\/wp\/v2\/categories?post=1224124"},{"taxonomy":"post_tag","embeddable":true,"href":"https:\/\/www.acapulcopress.com\/index.php\/wp-json\/wp\/v2\/tags?post=1224124"}],"curies":[{"name":"wp","href":"https:\/\/api.w.org\/{rel}","templated":true}]}}