{"id":1224173,"date":"2021-04-08T21:48:17","date_gmt":"2021-04-09T02:48:17","guid":{"rendered":"https:\/\/www.acapulcopress.com\/?p=1224173"},"modified":"2021-04-08T21:48:17","modified_gmt":"2021-04-09T02:48:17","slug":"victor-aguirre-hace-oficial-la-ruptura-de-la-alianza-prd-pri-en-acapulco","status":"publish","type":"post","link":"https:\/\/www.acapulcopress.com\/index.php\/2021\/04\/08\/victor-aguirre-hace-oficial-la-ruptura-de-la-alianza-prd-pri-en-acapulco\/","title":{"rendered":"V\u00edctor Aguirre hace oficial la ruptura de la alianza PRD\/PRI en Acapulco"},"content":{"rendered":"<p style=\"text-align: justify;\">\u00bb \u00c1ngel <strong>Blanco<\/strong>.<br \/>\nACAPULCO. * 8 de abril de 2021.<br \/>\n<em>] Acapulco Press.<\/em><\/p>\n<p style=\"text-align: justify;\">Mediante un comunicado hecho circular en redes sociales, el perredista V\u00edctor Aguirre Alcaide oficializ\u00f3 la ruptura de la alianza PRD\/PRI en Acapulco.<\/p>\n<p style=\"text-align: justify;\">Debido\u00a0 al presumible no respeto de acuerdos establecidos durante la creaci\u00f3n de la coalici\u00f3n entre ambos partidos, en el cual el PRD concedi\u00f3 al PRI la candidatura al Gobierno de Guerrero, a cambio de la Presidencia de Acapulco para el PRD, seg\u00fan Aguirre Alcaide, el candidato perredista anunci\u00f3 tambi\u00e9n su registro ante el Instituto Electoral y Participaci\u00f3n Ciudadana de Guerrero (IEPCGro) como candidato del PRD a la alcald\u00eda del puerto el pr\u00f3ximo s\u00e1bado, a las 10 horas.<\/p>\n<p style=\"text-align: justify;\">El comunicado dice, textualmente:<\/p>\n<p style=\"text-align: justify;\"><strong><em>AMIGOS DE ACAPULCO:<\/em><\/strong><\/p>\n<p style=\"text-align: justify;\"><em>Les habla V\u00edctor Aguirre Alcaide, candidato a la presidencia municipal de Acapulco.<\/em><\/p>\n<p style=\"text-align: justify;\"><em>Quiero que sepan que, inicialmente, se hizo el compromiso con el Partido Revolucionario de que la gobernatura fuera para ellos, y la presidencia municipal de Acapulco para el PRD, partido en el cual milito desde hace 30 a\u00f1os y que seria el candidato.<\/em><\/p>\n<p style=\"text-align: justify;\"><em>Lamentablemente rompieron el acuerdo sin que hubiera causa justificada y tomaron la decisi\u00f3n de postular a su propio candidato, \u00bfpor qu\u00e9?<\/em><\/p>\n<p style=\"text-align: justify;\"><em>Porque es flexible al inter\u00e9s de su grupo partidista.<\/em><\/p>\n<p style=\"text-align: justify;\"><em>Es por desgracia su decisi\u00f3n; tal parece que asi trabajan la pol\u00edtica con enga\u00f1os, mentiras y simulaciones.<\/em><\/p>\n<p style=\"text-align: justify;\"><em>Yo he hecho trabajo en municipio, dando a conocer el porque aspiro a ser presidente y que lo \u00fanico que busco es que se viva en paz, con bienestar, mejorando los servicios b\u00e1sicos que se\u00f1ala el art\u00edculo 115 constitucional asi como las leyes secundarias.<\/em><\/p>\n<p style=\"text-align: justify;\"><em>Debido al incumplimiento del PRI, muchos compa\u00f1eros de base de mi partido, as\u00ed c\u00f3mo ampios sectores de la sociedad , me han pedido que me registre como candidato por el PRD, sin la alianza, SOLO CON LA ALIANZA DEL PUEBLO, y he tomado la decisi\u00f3n despu\u00e9s de un an\u00e1lisis profundo QUE ASI LO HARE, y juntos vamos a mejora a nuestro municipio.<\/em><\/p>\n<p style=\"text-align: justify;\"><em>Cumplir\u00e9 los compromisos y Acapulco saldr\u00e1 adelante.<\/em><\/p>\n<p style=\"text-align: justify;\"><em>El futuro de Acapulco<\/em><\/p>\n<p style=\"text-align: justify;\"><strong><em>MUCHAS GRACIAS.<\/em><\/strong><\/p>\n<p style=\"text-align: justify;\">La noticia de su registro ante el IEPCGro por cuenta propia se filtr\u00f3 a redes sociales, primero; el comunicado fue emitido por la noche.<\/p>\n<p style=\"text-align: justify;\">El anunci\u00f3 sorprendi\u00f3 a propios y extra\u00f1os dentro de su equipo de campa\u00f1a y asesores, pues Aguirre Alcaide hab\u00eda sostenido que aguardar\u00eda la decisi\u00f3n de ambos partidos para saber qui\u00e9n ser\u00eda electo candidato oficial de la alianza PRD\/PRI para la Presidencia de Acapulco: o el pri\u00edsta Ricardo Taja Ram\u00edrez o \u00e9l, pero fue, quiz\u00e1, la incertidumbre y el retardo de las decisiones cupulares la que lo oblig\u00f3 a tomar hoy la decisi\u00f3n de anunciar su separaci\u00f3n de la alianza, acci\u00f3n que &#8211;evidentemente&#8211; complica la recuperaci\u00f3n de Acapulco, en poder de Morena, y de paso pone en serios aprietos la alianza estatal por la Gubernatura del Estado.<br \/>\nwww.<strong>acapulcopress<\/strong>.com<\/p>\n","protected":false},"excerpt":{"rendered":"<p>\u00bb \u00c1ngel Blanco. ACAPULCO. * 8 de abril de 2021. ] Acapulco Press. Mediante un comunicado hecho circular en redes sociales, el perredista V\u00edctor Aguirre Alcaide oficializ\u00f3 la ruptura de la alianza PRD\/PRI en Acapulco. Debido\u00a0 al presumible no respeto de acuerdos establecidos durante la creaci\u00f3n de la coalici\u00f3n entre ambos partidos, en el cual&#8230;<\/p>\n","protected":false},"author":2,"featured_media":1224174,"comment_status":"closed","ping_status":"closed","sticky":false,"template":"","format":"standard","meta":{"footnotes":""},"categories":[2052,2053,1972,18561],"tags":[3682,15606,17843],"class_list":["post-1224173","post","type-post","status-publish","format-standard","has-post-thumbnail","hentry","category-elecciones","category-elecciones-special","category-special","category-society-politics","tag-alianza-pri-prd-acapulco-2021","tag-ricardo-taja-ramirez","tag-victor-aguirre-alcaide"],"_links":{"self":[{"href":"https:\/\/www.acapulcopress.com\/index.php\/wp-json\/wp\/v2\/posts\/1224173","targetHints":{"allow":["GET"]}}],"collection":[{"href":"https:\/\/www.acapulcopress.com\/index.php\/wp-json\/wp\/v2\/posts"}],"about":[{"href":"https:\/\/www.acapulcopress.com\/index.php\/wp-json\/wp\/v2\/types\/post"}],"author":[{"embeddable":true,"href":"https:\/\/www.acapulcopress.com\/index.php\/wp-json\/wp\/v2\/users\/2"}],"replies":[{"embeddable":true,"href":"https:\/\/www.acapulcopress.com\/index.php\/wp-json\/wp\/v2\/comments?post=1224173"}],"version-history":[{"count":0,"href":"https:\/\/www.acapulcopress.com\/index.php\/wp-json\/wp\/v2\/posts\/1224173\/revisions"}],"wp:featuredmedia":[{"embeddable":true,"href":"https:\/\/www.acapulcopress.com\/index.php\/wp-json\/"}],"wp:attachment":[{"href":"https:\/\/www.acapulcopress.com\/index.php\/wp-json\/wp\/v2\/media?parent=1224173"}],"wp:term":[{"taxonomy":"category","embeddable":true,"href":"https:\/\/www.acapulcopress.com\/index.php\/wp-json\/wp\/v2\/categories?post=1224173"},{"taxonomy":"post_tag","embeddable":true,"href":"https:\/\/www.acapulcopress.com\/index.php\/wp-json\/wp\/v2\/tags?post=1224173"}],"curies":[{"name":"wp","href":"https:\/\/api.w.org\/{rel}","templated":true}]}}