{"id":1224187,"date":"2021-04-08T22:49:49","date_gmt":"2021-04-09T03:49:49","guid":{"rendered":"https:\/\/www.acapulcopress.com\/?p=1224187"},"modified":"2021-04-08T22:49:49","modified_gmt":"2021-04-09T03:49:49","slug":"asistio-senador-anorve-a-arranque-de-campana-de-rogelio-hernandez","status":"publish","type":"post","link":"https:\/\/www.acapulcopress.com\/index.php\/2021\/04\/08\/asistio-senador-anorve-a-arranque-de-campana-de-rogelio-hernandez\/","title":{"rendered":"Asisti\u00f3 Senador A\u00f1orve a arranque de campa\u00f1a de Rogelio Hern\u00e1ndez"},"content":{"rendered":"<p style=\"text-align: justify;\">ACAPULCO. * 8 de abril de 2021.<br \/>\n<em>] Especial.<\/em><\/p>\n<p style=\"text-align: justify;\">El Senador de la Rep\u00fablica Manuel A\u00f1orve Ba\u00f1os, por invitaci\u00f3n del candidato a Diputado de la alianza PRI-PRD en el distrito 05 de Acapulco, asisti\u00f3 al arranque de campa\u00f1a de Rogelio Hern\u00e1ndez Cruz, evento que fue encabezado por el candidato a Gobernador Mario Moreno Arcos, y al que tambi\u00e9n asisti\u00f3 el ex Gobernador \u00c1ngel Aguirre Rivero.<\/p>\n<p style=\"text-align: justify;\">En entrevista con medios de comunicaci\u00f3n, A\u00f1orve Ba\u00f1os dijo que asisti\u00f3 al evento por que va a respaldar pol\u00edticamente la campa\u00f1a de Rogelio Hern\u00e1ndez, a quien le reconoci\u00f3 su apoyo cuando \u00e9l fue candidato al Senado de la Rep\u00fablica.<\/p>\n<p style=\"text-align: justify;\">A\u00f1orve Ba\u00f1os, reconoci\u00f3 el trabajo social que ha realizado Rogelio Hern\u00e1ndez, pero tambi\u00e9n destac\u00f3 su importante liderazgo en el sector transportista, no s\u00f3lo en Acapulco, sino en todo el estado.<\/p>\n<p style=\"text-align: justify;\">El Senador A\u00f1orve, tambi\u00e9n coment\u00f3 que es importante resaltar la unidad que han mostrado el tricolor y el sol azteca en torno a la candidatura de Mario Moreno, de quien dijo est\u00e1 seguro que por el trabajo que realiza en esta campa\u00f1a, ser\u00e1 el pr\u00f3ximo Gobernador.<\/p>\n<p style=\"text-align: justify;\">Adem\u00e1s, coment\u00f3 que la presencia del ex Gobernador \u00c1ngel Aguirre Rivero, es una clara se\u00f1al de la unidad al interior de la alianza que han formado ambos partidos pol\u00edticos, ya que lo m\u00e1s importante no son las diferencias ideol\u00f3gicas, sino el bienestar de Guerrero.<\/p>\n","protected":false},"excerpt":{"rendered":"<p>ACAPULCO. * 8 de abril de 2021. ] Especial. El Senador de la Rep\u00fablica Manuel A\u00f1orve Ba\u00f1os, por invitaci\u00f3n del candidato a Diputado de la alianza PRI-PRD en el distrito 05 de Acapulco, asisti\u00f3 al arranque de campa\u00f1a de Rogelio Hern\u00e1ndez Cruz, evento que fue encabezado por el candidato a Gobernador Mario Moreno Arcos, y&#8230;<\/p>\n","protected":false},"author":2,"featured_media":1224188,"comment_status":"closed","ping_status":"closed","sticky":false,"template":"","format":"standard","meta":{"footnotes":""},"categories":[2052,18561],"tags":[12366,15753],"class_list":["post-1224187","post","type-post","status-publish","format-standard","has-post-thumbnail","hentry","category-elecciones","category-society-politics","tag-manuel-anorve-banos","tag-rogelio-hernandez-cruz"],"_links":{"self":[{"href":"https:\/\/www.acapulcopress.com\/index.php\/wp-json\/wp\/v2\/posts\/1224187","targetHints":{"allow":["GET"]}}],"collection":[{"href":"https:\/\/www.acapulcopress.com\/index.php\/wp-json\/wp\/v2\/posts"}],"about":[{"href":"https:\/\/www.acapulcopress.com\/index.php\/wp-json\/wp\/v2\/types\/post"}],"author":[{"embeddable":true,"href":"https:\/\/www.acapulcopress.com\/index.php\/wp-json\/wp\/v2\/users\/2"}],"replies":[{"embeddable":true,"href":"https:\/\/www.acapulcopress.com\/index.php\/wp-json\/wp\/v2\/comments?post=1224187"}],"version-history":[{"count":0,"href":"https:\/\/www.acapulcopress.com\/index.php\/wp-json\/wp\/v2\/posts\/1224187\/revisions"}],"wp:featuredmedia":[{"embeddable":true,"href":"https:\/\/www.acapulcopress.com\/index.php\/wp-json\/"}],"wp:attachment":[{"href":"https:\/\/www.acapulcopress.com\/index.php\/wp-json\/wp\/v2\/media?parent=1224187"}],"wp:term":[{"taxonomy":"category","embeddable":true,"href":"https:\/\/www.acapulcopress.com\/index.php\/wp-json\/wp\/v2\/categories?post=1224187"},{"taxonomy":"post_tag","embeddable":true,"href":"https:\/\/www.acapulcopress.com\/index.php\/wp-json\/wp\/v2\/tags?post=1224187"}],"curies":[{"name":"wp","href":"https:\/\/api.w.org\/{rel}","templated":true}]}}