{"id":1224193,"date":"2021-04-08T23:40:58","date_gmt":"2021-04-09T04:40:58","guid":{"rendered":"https:\/\/www.acapulcopress.com\/?p=1224193"},"modified":"2021-04-08T23:40:58","modified_gmt":"2021-04-09T04:40:58","slug":"guerrero-permanecera-15-dias-en-amarillo-gobernador-astudillo","status":"publish","type":"post","link":"https:\/\/www.acapulcopress.com\/index.php\/2021\/04\/08\/guerrero-permanecera-15-dias-en-amarillo-gobernador-astudillo\/","title":{"rendered":"Guerrero permanecer\u00e1 15 d\u00edas en &#8216;amarillo&#8217; | Gobernador Astudillo"},"content":{"rendered":"<p style=\"text-align: justify;\">CHILPANCINGO. * 8 de abril de 2021.<br \/>\n<em>] Gobierno de Guerrero.<\/em><\/p>\n<p style=\"text-align: justify;\">Como cada jueves, el gobernador H\u00e9ctor Astudillo Flores particip\u00f3 en la reuni\u00f3n virtual que sostuvieron la jefa de Gobierno de la Ciudad de M\u00e9xico, la gobernadora y gobernadores con autoridades del gabinete Federal encabezados por la secretaria de Gobernaci\u00f3n, Olga S\u00e1nchez Cordero, donde le informaron que Guerrero permanecer\u00e1 15 d\u00edas m\u00e1s en sem\u00e1foro amarillo y la pr\u00f3xima semana enviar\u00e1n m\u00e1s vacunas al estado.<\/p>\n<p style=\"text-align: justify;\">La reuni\u00f3n fue con el objetivo de evaluar la situaci\u00f3n de M\u00e9xico en materia de salud y los avances del programa nacional de vacunaci\u00f3n contra el Covid-19.<\/p>\n<p style=\"text-align: justify;\">El mandatario guerrerense refrend\u00f3 su absoluta disposici\u00f3n para colaborar con el gobierno federal sin protagonismos, todo con el \u00fanico inter\u00e9s que m\u00e1s guerrerenses sean inmunizados y as\u00ed seguir a la baja con los contagios, hospitalizaciones y defunciones por el coronavirus.<\/p>\n<p style=\"text-align: justify;\">En esta nueva reuni\u00f3n de trabajo, los mandatarios estatales fueron informados que la pr\u00f3xima semana se distribuir\u00e1n poco m\u00e1s de dos millones de vacunas en 228 municipios de 20 entidades federativas.<\/p>\n<p style=\"text-align: justify;\">Detallaron que un mill\u00f3n 282 mil 285 ser\u00e1n primeras dosis y 861 mil 050 ser\u00e1n para completar los esquemas de vacunaci\u00f3n.<\/p>\n<p style=\"text-align: justify;\">Las autoridades de Salud compartieron que durante diez semanas consecutivas se ha registrado un descenso de los casos activos y tambi\u00e9n ha disminuido la ocupaci\u00f3n hospitalaria en el pa\u00eds.<\/p>\n<p style=\"text-align: justify;\">La secretaria de Gobernaci\u00f3n, Olga S\u00e1nchez Cordero puntualiz\u00f3 que la coordinaci\u00f3n de la Estrategia Nacional de Vacunaci\u00f3n contra el Covid-19 es clave para lograr sus objetivos.<\/p>\n","protected":false},"excerpt":{"rendered":"<p>CHILPANCINGO. * 8 de abril de 2021. ] Gobierno de Guerrero. Como cada jueves, el gobernador H\u00e9ctor Astudillo Flores particip\u00f3 en la reuni\u00f3n virtual que sostuvieron la jefa de Gobierno de la Ciudad de M\u00e9xico, la gobernadora y gobernadores con autoridades del gabinete Federal encabezados por la secretaria de Gobernaci\u00f3n, Olga S\u00e1nchez Cordero, donde le&#8230;<\/p>\n","protected":false},"author":2,"featured_media":1224194,"comment_status":"closed","ping_status":"closed","sticky":false,"template":"","format":"standard","meta":{"footnotes":""},"categories":[18573,1983],"tags":[6705,9302,9705,12964,16421],"class_list":["post-1224193","post","type-post","status-publish","format-standard","has-post-thumbnail","hentry","category-goverment","category-guerrerogob","tag-covid19","tag-gobierno-de-guerrero","tag-hector-astudillo-flores","tag-mesa-de-coordinacion-para-la-construccion-de-la-paz","tag-semaforo-de-riesgo-covid19"],"_links":{"self":[{"href":"https:\/\/www.acapulcopress.com\/index.php\/wp-json\/wp\/v2\/posts\/1224193","targetHints":{"allow":["GET"]}}],"collection":[{"href":"https:\/\/www.acapulcopress.com\/index.php\/wp-json\/wp\/v2\/posts"}],"about":[{"href":"https:\/\/www.acapulcopress.com\/index.php\/wp-json\/wp\/v2\/types\/post"}],"author":[{"embeddable":true,"href":"https:\/\/www.acapulcopress.com\/index.php\/wp-json\/wp\/v2\/users\/2"}],"replies":[{"embeddable":true,"href":"https:\/\/www.acapulcopress.com\/index.php\/wp-json\/wp\/v2\/comments?post=1224193"}],"version-history":[{"count":0,"href":"https:\/\/www.acapulcopress.com\/index.php\/wp-json\/wp\/v2\/posts\/1224193\/revisions"}],"wp:featuredmedia":[{"embeddable":true,"href":"https:\/\/www.acapulcopress.com\/index.php\/wp-json\/"}],"wp:attachment":[{"href":"https:\/\/www.acapulcopress.com\/index.php\/wp-json\/wp\/v2\/media?parent=1224193"}],"wp:term":[{"taxonomy":"category","embeddable":true,"href":"https:\/\/www.acapulcopress.com\/index.php\/wp-json\/wp\/v2\/categories?post=1224193"},{"taxonomy":"post_tag","embeddable":true,"href":"https:\/\/www.acapulcopress.com\/index.php\/wp-json\/wp\/v2\/tags?post=1224193"}],"curies":[{"name":"wp","href":"https:\/\/api.w.org\/{rel}","templated":true}]}}