{"id":1224200,"date":"2021-04-09T17:43:28","date_gmt":"2021-04-09T22:43:28","guid":{"rendered":"https:\/\/www.acapulcopress.com\/?p=1224200"},"modified":"2021-04-09T17:43:28","modified_gmt":"2021-04-09T22:43:28","slug":"victor-aguirre-los-otros-datos-del-comunicado-fake-que-no-quiso-reconocer","status":"publish","type":"post","link":"https:\/\/www.acapulcopress.com\/index.php\/2021\/04\/09\/victor-aguirre-los-otros-datos-del-comunicado-fake-que-no-quiso-reconocer\/","title":{"rendered":"V\u00edctor Aguirre |  Los &#8216;otros datos&#8217; del &#8216;comunicado fake&#8217; que no quiso reconocer"},"content":{"rendered":"<p style=\"text-align: justify;\">. . .<br \/>\n<strong>\u00ab\u00a1Tr\u00e1tame bien, Blanco!\u00bb.<\/strong><br \/>\n&#8212; V\u00edctor Aguirre Alcaide, candidato del PRD a la presidencia de Acapulco.<br \/>\n<em>Marzo 10, 2021. \/ 12:07 hrs.<\/em><br \/>\n&#8211; &#8211; &#8211;<\/p>\n<p style=\"text-align: justify;\">Sin Da\u00f1os a Terceros<br \/>\n\u00bb \u00c1ngel <strong>Blanco<\/strong>.<br \/>\n<em>| <a href=\"https:\/\/www.facebook.com\/angelblanco.press\" target=\"_blank\" rel=\"noopener\">facebook.com\/angelblanco.press<\/a><\/em><br \/>\n] Acapulco Press.<\/p>\n<p style=\"text-align: justify;\">A las 6:19 de la tarde de ayer, jueves 8 de abril, pregunt\u00e9 a uno de los voceros (omitir\u00e9 su nombre por \u00e9tica y respeto, no por miedo), v\u00eda <em>Whatsapp,<\/em> qu\u00e9 tan cierta era la publicaci\u00f3n de Felipe Williams en <em>Facebook,<\/em> la cual dec\u00eda &#8211;y dice, porque no ha sido eliminada desde las 11:43 horas que fue publicada&#8211;: <em>\u00ab<strong>Se rompe la alianza PRI-PRD, V\u00edctor <img loading=\"lazy\" decoding=\"async\" class=\"alignleft size-medium wp-image-1224203\" src=\"https:\/\/www.acapulco.press\/wp-content\/uploads\/2021\/04\/VAA-FELIPE-WILLIAMS-375x339.png\" alt=\"\" width=\"375\" height=\"339\" \/>Aguirre esta convocando a sus bases para registrarse en el IEPC el s\u00e1bado a las 10 de la ma\u00f1ana como candidato a presidente por el PRD<\/strong>\u00ab<\/em>.<\/p>\n<p style=\"text-align: justify;\">El interlocutor me dijo desconocer la publicaci\u00f3n, por lo que le mand\u00e9 imagen de la misma y su respectivo <em>link<\/em> a <em>Facebook<\/em>.<\/p>\n<p style=\"text-align: justify;\">Cinco o seis segundos antes de la conversaci\u00f3n virtual con el vocero de Aguirre, el candidato perredista acababa de terminar una llamada telef\u00f3nica conmigo, en la cual me manifest\u00f3 su molestia contra un columnista de Chilpancingo que a las 2:02 de la tarde poste\u00f3 en su columna una serie de &#8216;<a href=\"https:\/\/www.facebook.com\/jorge.romerorendon1\/posts\/10222037904469552\" target=\"_blank\" rel=\"noopener\">ataque<\/a>s&#8217; en su contra.<\/p>\n<p style=\"text-align: justify;\">Aprovech\u00e9 para comentarle al vocero &#8211;quien nos aclara que nunca fue vocero de V\u00edctor Aguirre, sino solo un auxiliar en cuestiones informativas&#8211;\u00a0 parte de la conversaci\u00f3n y la solicitud de Aguirre y acordamos \u00abno comer perro\u00bb, porque entonces desatar\u00edamos una &#8216;guerra perruna&#8217; entre periodistas en la cual el m\u00e1s afectado ser\u00eda Aguirre Alcaide. No obstante, nos centramos en el tema de la publicaci\u00f3n de Felipe Williams.<\/p>\n<p style=\"text-align: justify;\">\u00abA mi no me ha comentado nada\u00bb, dijo su vocero. \u00abDeja consultarlo y te regreso la llamada\u00bb.<\/p>\n<p style=\"text-align: justify;\">Y as\u00ed fue.<\/p>\n<p style=\"text-align: justify;\">Cuando minutos m\u00e1s tarde el vocero del perredista me devolvi\u00f3 la llamada y me confirm\u00f3 que la publicaci\u00f3n de Willams era cierta, lo que caus\u00f3 la molestia del vocero contra Aguirre por no haberlo tomado en cuenta para esos anuncios.<\/p>\n<p style=\"text-align: justify;\">Tras una serie de comentarios, sali\u00f3 a colaci\u00f3n el &#8216;dichoso&#8217; comunicado.<\/p>\n<p style=\"text-align: justify;\">\u00ab\u00a1Ahora hasta ya mand\u00f3 publicar un comunicado donde anuncia que la alianza se rompe!\u00bb<\/p>\n<p style=\"text-align: justify;\"><strong>&#8212; \u00bfQu\u00e9 comunicado?<br \/>\n<\/strong><br \/>\n&#8212; Deja te lo mando en un momento.<\/p>\n<p style=\"text-align: justify;\">Y me lo mand\u00f3.<\/p>\n<p style=\"text-align: justify;\">El comunicado dice, textualmente, con todo y errores ortogr\u00e1ficos que el vocero, molesto, calific\u00f3 de aberrantes, ya que \u00e9l los hubiera corregido y dado forma si Aguirre Alcaide lo hubiera consultado antes de &#8216;soltarlo&#8217; (publicarlo).<\/p>\n<p style=\"text-align: justify;\"><em>\u00ab<strong>AMIGOS DE ACAPULCO<\/strong>:<\/em><\/p>\n<div class=\"kvgmc6g5 cxmmr5t8 oygrvhab hcukyx3x c1et5uql\" style=\"text-align: justify;\">\n<div dir=\"auto\"><em>Les habla Victor Aguirre Alcaide, candidato a la presidencia municipal de Acapulco<\/em><\/div>\n<div dir=\"auto\"><em>Quiero que sepan que inicialmente se hizo el compromiso con el Partido Revolucionario de que la gobernatura fuera para ellos, y la presidencia municipal de Acapulco para el PRD, partido en el cual milito desde hace 30 a\u00f1os y que seria el candidato.<\/em><\/div>\n<div dir=\"auto\"><em>Lamentablemente rompieron el acuerdo sin que hubiera causa justificada y tomaron la decisi\u00f3n de postular a su propio candidato, por qu\u00e9?<\/em><\/div>\n<div dir=\"auto\"><em>Porque es flexible al inter\u00e9s de su grupo partidista<\/em><\/div>\n<div dir=\"auto\"><em>Es por desgracia su decisi\u00f3n; tal parece que asi trabajan la pol\u00edtica con enga\u00f1os, mentiras y simulaciones.<\/em><\/div>\n<div dir=\"auto\"><em>Yo he hecho trabajo en municipio, dando a conocer el porque aspiro a ser presidente y que lo \u00fanico que busco es que se viva en paz, con bienestar, mejorando los servicios b\u00e1sicos que se\u00f1ala el art\u00edculo 115 constitucional asi como las leyes secundarias.<\/em><\/div>\n<div dir=\"auto\"><em>Debido al incumplimiento del PRI, muchos compa\u00f1eros de base de mi partido, as\u00ed c\u00f3mo ampios sectores de la sociedad , me han pedido que me registre como candidato por el PRD, sin la alianza, SOLO CON LA ALIANZA DEL PUEBLO, y he tomado la decisi\u00f3n despu\u00e9s de un an\u00e1lisis profundo QUE ASI LO HARE, y juntos vamos a mejora a nuestro municipio.<\/em><\/div>\n<div dir=\"auto\"><em>Cumplire los compromisos y Acapulco saldr\u00e1 adelante.<\/em><\/div>\n<div dir=\"auto\"><em>El futuro de Acapulco<\/em><\/div>\n<\/div>\n<div class=\"o9v6fnle cxmmr5t8 oygrvhab hcukyx3x c1et5uql\" style=\"text-align: justify;\">\n<div dir=\"auto\">\n<p><em><strong>MUCHAS GRACIAS<\/strong>.\u00bb<\/em><\/p>\n<p>&nbsp;<\/p>\n<p><img loading=\"lazy\" decoding=\"async\" class=\"alignleft size-medium wp-image-1224202\" src=\"https:\/\/www.acapulco.press\/wp-content\/uploads\/2021\/04\/VAA-ANGEL-BLANCO-375x311.png\" alt=\"\" width=\"375\" height=\"311\" \/>Con la versi\u00f3n del <em>vocero<\/em> y el supuesto aval de V\u00edctor Aguirre a la publicaci\u00f3n de Felipe Williams, proced\u00ed a retomar el contenido de Felipe y lo publiqu\u00e9 en mi cuenta de Facebook: <em>\u00ab<strong>Oficializa V\u00edctor Aguirre ruptura de la alianza PRD\/PRI en Acapulco. Va s\u00f3lo por la Presidencia de Acapulco. Anuncia para el s\u00e1bado su registro ante el IEPCGro<\/strong>\u00ab<\/em>.<\/p>\n<p>De la misma forma, proced\u00eda a publicar el comunicado que me hab\u00eda mandado el vocero de Aguirre y le mand\u00e9, v\u00eda <em>Whatsapp<\/em> el link de la publicaci\u00f3n en <em>Acapulco Press,<\/em> la cual titulamos \u00ab<strong><a href=\"https:\/\/www.acapulco.press\/special\/victor-aguirre-hace-oficial-la-ruptura-de-la-alianza-prd-pri-en-acapulco\/\" target=\"_blank\" rel=\"noopener\">V\u00edctor Aguirre hace oficial la ruptura de la alianza PRD\/PRI en Acapulco<\/a><\/strong>\u00ab. La respuesta del vocero fue un<em> &#8216;stick&#8217;<\/em> de Chabelo que dec\u00eda: \u00abQu\u00e9 te digo\u00bb, en sentido de resignaci\u00f3n.<\/p>\n<p><img loading=\"lazy\" decoding=\"async\" class=\"alignleft size-medium wp-image-1224220\" src=\"https:\/\/www.acapulco.press\/wp-content\/uploads\/2021\/04\/VAA-QUE-TE-DIGO-375x229.jpg\" alt=\"\" width=\"375\" height=\"229\" \/>Volvimos a intercambiar llamadas telef\u00f3nicas.<\/p>\n<p>Volvimos a hablar del comunicado y volvi\u00f3 a salir a flote la falta de comunicaci\u00f3n entre candidato y vocero en torno a las decisiones previas de las publicaciones. Sobre el famoso comunicado, el vocero sostuvo que V\u00edctor Aguirre ya ten\u00eda conocimiento, pero se manten\u00eda herm\u00e9tico, al respecto.<\/p>\n<p>A las 9:19 horas de la noche, el vocero en cuesti\u00f3n me env\u00edo el \u00faltimo mensaje de la noche: \u00abMe mand\u00f3 un mensaje (V\u00edctor Aguirre) dici\u00e9ndome que <strong>todav\u00eda<\/strong> <strong>no suelte<\/strong> ese comunicado, pero le dije que <strong>ya circula en redes<\/strong>\u00bb<\/p>\n<p>Le coment\u00e9 que al vocero que yo ya lo hab\u00eda publicado, tomando como sustento de quien ven\u00eda el comunicado (o sea, del propio vocero que me lo hab\u00eda comparti\u00f3, molesto, porque \u00ab<strong>ya circulaba en redes<\/strong> sin tener \u00e9l conocimiento del mismo) y la publicaci\u00f3n de Felipe Williams, quien sin ser vocero de Aguirre, ten\u00eda m\u00e1s primicias informativas que los voceros del candidato perredista.<\/p>\n<p>Justo a las 9:58 de la noche, entr\u00f3 otra llamada telef\u00f3nica de V\u00edctor Aguirre.<\/p>\n<p>Hablamos del comunicado que hab\u00eda pedido a su vocero no difundir a\u00fan pero que en<em> Acapulco Press<\/em> ya se hab\u00eda publicado. El candidato no nos dijo nada, al respecto, sino todo lo contrario. Estaba \u00e1vido de saber qu\u00e9 reacciones hab\u00eda en medios o redes el &#8216;dichoso&#8217; comunicado, a lo cual le dije que las normales: cr\u00edticas y defensas a favor de \u00e9l pero serias advertencias en torno a la alianza, la cual obviamente ser\u00eda la m\u00e1s afectada con su anuncio de romper la alianza y su decisi\u00f3n de registrarse el s\u00e1bado ante el IEPCGro como candidato del PRD a la presidencia de Acapulco.<\/p>\n<p>&#8212; <em>Jajaja. <\/em>Tranquilo el que r\u00ede al \u00faltimo r\u00ede mejor&#8211;, respondi\u00f3, sorno, Aguirre.<\/p>\n<p>En ese tema est\u00e1bamos cuando se escuch\u00f3 el timbre de otro tel\u00e9fono, el cual V\u00edctor atendi\u00f3 en seguida.<\/p>\n<p>Se escucharon palabras trastabillantes del candidato perredista.<\/p>\n<p>&#8212; S\u00ed, s\u00ed&#8230; no, no&#8230; ya estoy viendo eso, ahorita mismo arreglo eso&#8230;<\/p>\n<p>De pronto, una voz de mujer me dijo: \u00abvamos a colgar, enseguida le devolvemos la llamada\u00bb.<\/p>\n<p>A las 10:22 de la noche, recib\u00ed la \u00faltima llamada de Aguirre Alcaide.<\/p>\n<p>&#8211;Mi estimado Blanco, \u00bfdime qui\u00e9n hizo ese comunicado?<\/p>\n<p><strong>&#8211;\u00bfC\u00f3mo? \u00bfNo lo hicieron ustedes?<\/strong><\/p>\n<p>&#8211;No. Yo no lo hice, mi equipo tampoco, \u00bfverdad Pedro?<\/p>\n<p><strong><em>&#8211;No, nosotros no lo hicimos&#8211;, respondi\u00f3 el tal Pedro, a lo lejos.<\/em><\/strong><\/p>\n<p>&#8211;\u00bfYa vez? \u00a1Ese debi\u00f3 haber salido del lado de ustedes! O de (nombre de su <em>vocero<\/em>), o de alguien del lado tuyo. Pero dime qui\u00e9n, Blanco, porque ahorita mismo voy a desmentirlo.<\/p>\n<p><strong>&#8212; Candidato: Yo lo recib\u00ed de su vocero. Y lo de su registro fue de la publicaci\u00f3n de Felipe Williams, versi\u00f3n que usted mismo dio por verificada.<\/strong><\/p>\n<p>&#8211;S\u00ed, Blanco, pero el comunicado no lo hice yo. Yo no lo veo en mi p\u00e1gina de Facebook, por lo tanto debi\u00f3 haber venido de ustedes.<\/p>\n<\/div>\n<\/div>\n<p style=\"text-align: justify;\"><strong>&#8211;\u00bfEst\u00e1 insinuando que yo a alg\u00fan otro lo hizo?<\/strong><\/p>\n<p style=\"text-align: justify;\">&#8211;Yo no lo hice, Blanco; ni me equipo. Dame unos minutos, ya est\u00e1n redactando el desmentido y te lo comparto para que lo publiques de inmediato, como el otro.<\/p>\n<p style=\"text-align: justify;\">No tuve m\u00e1s noticias de V\u00edctor ni de su <em>vocero<\/em>.<\/p>\n<p style=\"text-align: justify;\">A ambos les dej\u00f3 mensaje para inquirir m\u00e1s del por qu\u00e9 de pronto se desdijeron del comunicado donde V\u00edctor Aguirre anunciaba la ruptura de la alianza PRD\/PRI en Acapulco y su registro ante el Instituto Electoral de Guerrero el s\u00e1bado 10, a las 10 de la ma\u00f1ana.<\/p>\n<p style=\"text-align: justify;\">Me molest\u00f3, sobremanera, que V\u00edctor Aguirre Alcaide se desdijera de su comunicado y pretendiera culparme de contenido y publicaci\u00f3n.<\/p>\n<p style=\"text-align: justify;\">Mi conjetura de que pretend\u00edan culparme a mi de ese comunicado que, evidentemente, obligaron a V\u00edctor a <img loading=\"lazy\" decoding=\"async\" class=\"alignleft size-medium wp-image-1224221\" src=\"https:\/\/www.acapulco.press\/wp-content\/uploads\/2021\/04\/VAA-VILLAGOMEZ-375x122.jpg\" alt=\"\" width=\"375\" height=\"122\" \/>desmentir, exclusivamente, se hizo m\u00e1s concreta con la respuesta que hall\u00e9 hoy en mi <em>Whatsapp<\/em>, a las 10:22 de la ma\u00f1ana: \u00ab<strong>Mi brother&#8230;solo t\u00fa publicaste ese comunicado&#8230;en ning\u00fan otro medio lo v\u00ed<\/strong>\u00ab.<\/p>\n<p style=\"text-align: justify;\">\u00ab\u00a1Tantita madre, <em>vocero<\/em>!, \u00a1tantita madre, <em>candidato<\/em>!\u00bb, dije, enardecido, para s\u00ed.<\/p>\n<p style=\"text-align: justify;\">De inmediato proced\u00ed a indagar con el autor de la primera publicaci\u00f3n en torno a la separaci\u00f3n de V\u00edctor Aguirre de la alianza y su anunciado registro como candidato exclusivo del PRD a la Presidencia de Acapulco, si sab\u00eda algo de la autor\u00eda o procedencia del comunicado desmentido.<\/p>\n<p style=\"text-align: justify;\">Estas fueron sus respuestas, las cuales edito para no comprometer tanto sus declaraciones:<\/p>\n<p style=\"text-align: justify;\">\u00ab<strong>Lo obligaron a desmentir, el tema de la alianza esta\u0301 muy delicado, hay mucho inconforme con tanta imposicio\u0301n y los perredistas se sienten menospreciados.\u00a0 Ya es un acuerdo cupular que va Taja. Vi\u0301ctor esta\u0301 haciendo ruido solo para negociar, pero la dirigencia del PRD ya tomo\u0301 la decisio\u0301n de que vaya Taja. Evodio solo uso a Vi\u0301ctor para negociar ma\u0301s espacios para \u00e9l. El autor<\/strong> (del comunicado)<strong> fue su mismo equipo. Ellos convocaron a sus li\u0301deres para el sa\u0301bado, yo me entere\u0301\u00a0 por<\/strong> (fuentes muy allegadas a)\u00a0 <strong>e\u0301l<\/strong>\u00ab.<\/p>\n<p style=\"text-align: justify;\">Y consciente de que, pr\u00e1cticamente, me convert\u00ed en el \u00fanico responsable de la difusi\u00f3n de dicho panfleto, Felipe Williams, me dijo: <strong>\u00abEllos saben como esta el asunto, solo distribuyen la informaci\u00f3n para presionar y negociar. Pero tranquilo, los que te conocemos sabemos que eres serio<\/strong>\u00ab. Acto seguido, procedi\u00f3 a sostener que el comunicado fue hecho por el equipo de Aguirre con el aval del candidato. \u00abYo te respaldo, amigo\u00bb, suscribi\u00f3.<\/p>\n<p style=\"text-align: justify;\">Cuando le\u00ed el desmentido de V\u00edctor Aguirre, en especial la entrada donde el perredista se desgarra las vestiduras y dice \u00aben relaci\u00f3n a un escrito que ha circulado la noche del 8 de abril por redes sociales, con el fin absoluto de manchar y denostar mi imagen\u00bb,\u00a0increp\u00e9 a ambos, vocero y candidato, v\u00eda <em>Whatsapp<\/em>.<\/p>\n<p style=\"text-align: justify;\">\u00ab\u00a1Que madriza nos acomod\u00f3 su desmentido, candidato; ya hasta me est\u00e1n mentando la madre a mi por chismoso y calumniador&#8230;, pero en fin. \u00a1Ahora resulta que en lo del comunicado soy el \u00fanico culpable por ser quien lo public\u00f3, seg\u00fan deja entrever (su vocero). Pero est\u00e1 bien, asumir\u00e9 con dignidad la pendejez de haberlo publicado bajo el supuesto de que ven\u00eda de buena fuente, es decir, de su vocero de campa\u00f1a. Pero ya que insisten en que ese comunicado supuestamente <em>fake<\/em> solo yo lo publiqu\u00e9, har\u00e9 mis propias aclaraciones y me har\u00e9 a un lado. No olvido ser agradecido, y lo ser\u00e9 siempre con usted; pero cargar con la culpa de otros no es mi estilo, ni tolerar que se me culpe de una juagada que vino directa de su equipo de prensa. \u00a1Ni mi estilo tiene el dichoso comunicado! Pero brazo y mucho \u00e9xito, mi candidato. Les deseo suerte\u00bb.<\/p>\n<p style=\"text-align: justify;\">&#8212; \u00a1T\u00fa aguanta, Blanco; solo borra todo y publica este!<\/p>\n<p style=\"text-align: justify;\">S\u00ed, asumo con valor y responsabilidad la soberana <em>pendejez<\/em> &#8211;una vez m\u00e1s&#8211; por creer que todav\u00eda hay valores en <img loading=\"lazy\" decoding=\"async\" class=\"alignleft size-medium wp-image-1224217\" src=\"https:\/\/www.acapulco.press\/wp-content\/uploads\/2021\/04\/VAA-COMUNICADO-2-375x413.jpg\" alt=\"\" width=\"375\" height=\"413\" \/>algunos pol\u00edticos de izquierda, principalmente como el que hizo un comunicado para llamar la atenci\u00f3n y dijo:\u00a0 \u00ab<strong>Soy (&#8230;) un hombre institucional, con amor y lealtad a mi partido: el PRD, del cual soy fundador y militante. Soy un hombre de izquierda de coraz\u00f3n y de convicci\u00f3n con valore<em>s<\/em> incorrompibles<\/strong>\u00ab<em>. (Ch\u00e9quese el mismo estilo y los mismos &#8216;horrores&#8217; ortogr\u00e1ficos del comunicado desmentido).<\/em><\/p>\n<p style=\"text-align: justify;\">Esta vez los da\u00f1os colaterales fueron para mi&#8230; pero son gajes del oficio. Trataremos de no tropezar tanto con las mismas piedras, ni con el mismo pie.<\/p>\n<p style=\"text-align: justify;\">A\u00fan con todo lo anterior, juro que no le guardo rencor a don V\u00edctor Aguirre. Como persona corresponde al trato de amigos, y eso se valora; pero como pol\u00edtico, lo que se ve no se juzga. Tiene mucho por qu\u00e9 trabajar para corresponder a la lealtad y confianza se le confiere. Le deseo suerte, porque el \u00e9xito ya estar\u00e1 de su lado. Extraoficialmente se sabe que el lunes, 12 de marzo, la Coalici\u00f3n PRI\/PRD har\u00e1 p\u00fablico a Ricardo Taja Ram\u00edrez como su candidato oficial a la Presidencia de Acapulco. Es <em>quanto<\/em> respecto al tema Aguirre Alcaide.<\/p>\n<p style=\"text-align: justify;\"><strong>\u00abNunca he traicionado a nadie que no lo haya merecido\u00bb.<br \/>\n<\/strong>&#8212; Tony Montana \/ Scarface (1983).<br \/>\nwww<strong>.acapulcopress.<\/strong>com<\/p>\n","protected":false},"excerpt":{"rendered":"<p>. . . \u00ab\u00a1Tr\u00e1tame bien, Blanco!\u00bb. &#8212; V\u00edctor Aguirre Alcaide, candidato del PRD a la presidencia de Acapulco. Marzo 10, 2021. \/ 12:07 hrs. &#8211; &#8211; &#8211; Sin Da\u00f1os a Terceros \u00bb \u00c1ngel Blanco. | facebook.com\/angelblanco.press ] Acapulco Press. A las 6:19 de la tarde de ayer, jueves 8 de abril, pregunt\u00e9 a uno de&#8230;<\/p>\n","protected":false},"author":2,"featured_media":1224201,"comment_status":"closed","ping_status":"closed","sticky":false,"template":"","format":"standard","meta":{"footnotes":""},"categories":[1972,2008,18582],"tags":[3931,5937,12685,16638,17843],"class_list":["post-1224200","post","type-post","status-publish","format-standard","has-post-thumbnail","hentry","category-special","category-editorial","category-tinta-digital","tag-angel-blanco","tag-coalicion-prd-pri-acapulco-2021","tag-mario-moreno-arcos","tag-sin-danos-a-terceros","tag-victor-aguirre-alcaide"],"_links":{"self":[{"href":"https:\/\/www.acapulcopress.com\/index.php\/wp-json\/wp\/v2\/posts\/1224200","targetHints":{"allow":["GET"]}}],"collection":[{"href":"https:\/\/www.acapulcopress.com\/index.php\/wp-json\/wp\/v2\/posts"}],"about":[{"href":"https:\/\/www.acapulcopress.com\/index.php\/wp-json\/wp\/v2\/types\/post"}],"author":[{"embeddable":true,"href":"https:\/\/www.acapulcopress.com\/index.php\/wp-json\/wp\/v2\/users\/2"}],"replies":[{"embeddable":true,"href":"https:\/\/www.acapulcopress.com\/index.php\/wp-json\/wp\/v2\/comments?post=1224200"}],"version-history":[{"count":0,"href":"https:\/\/www.acapulcopress.com\/index.php\/wp-json\/wp\/v2\/posts\/1224200\/revisions"}],"wp:featuredmedia":[{"embeddable":true,"href":"https:\/\/www.acapulcopress.com\/index.php\/wp-json\/"}],"wp:attachment":[{"href":"https:\/\/www.acapulcopress.com\/index.php\/wp-json\/wp\/v2\/media?parent=1224200"}],"wp:term":[{"taxonomy":"category","embeddable":true,"href":"https:\/\/www.acapulcopress.com\/index.php\/wp-json\/wp\/v2\/categories?post=1224200"},{"taxonomy":"post_tag","embeddable":true,"href":"https:\/\/www.acapulcopress.com\/index.php\/wp-json\/wp\/v2\/tags?post=1224200"}],"curies":[{"name":"wp","href":"https:\/\/api.w.org\/{rel}","templated":true}]}}