{"id":1224225,"date":"2021-04-08T18:51:31","date_gmt":"2021-04-08T23:51:31","guid":{"rendered":"https:\/\/www.acapulcopress.com\/?p=1224225"},"modified":"2021-04-08T18:51:31","modified_gmt":"2021-04-08T23:51:31","slug":"en-un-mes-sere-el-puntero-en-guerrero-mario-moreno","status":"publish","type":"post","link":"https:\/\/www.acapulcopress.com\/index.php\/2021\/04\/08\/en-un-mes-sere-el-puntero-en-guerrero-mario-moreno\/","title":{"rendered":"En un mes ser\u00e9 el puntero en Guerrero | Mario Moreno"},"content":{"rendered":"<p style=\"text-align: justify;\">CIUDAD DE M\u00c9XICO. * 8 de abril de 2021.<br \/>\n<em>] Especial.<\/em><\/p>\n<p style=\"text-align: justify;\">En entrevista con Azucena Uresti de canal 6 de Milenio Televisi\u00f3n, el abanderado de la alianza<em> Va Por Guerrero,<\/em> Mario Moreno Arcos, se dijo seguro de ganar la elecci\u00f3n del pr\u00f3ximo 6 de junio, confiado en el apoyo ciudadano que ha ido ganando en el mes y tres d\u00edas que lleva de campa\u00f1a, durante sus recorridos por el estado. Enfatiz\u00f3 que la <img loading=\"lazy\" decoding=\"async\" class=\"alignleft size-medium wp-image-1224226\" src=\"https:\/\/www.acapulco.press\/wp-content\/uploads\/2021\/04\/MARIO-MORENO-MILENIO-TV-375x270.jpg\" alt=\"\" width=\"375\" height=\"270\" \/>respuesta de la gente en las visitas y los encuentros que ha tenido con la ciudadan\u00eda han sido muy contundentes.<\/p>\n<p style=\"text-align: justify;\">\u201cHoy te puedo decir que vamos bien, que vamos avanzando que eso que se\u00f1alaban que ten\u00edan una gran ventaja en Guerrero, se ha ido acortando y nosotros tenemos mucha confianza que por supuesto vamos a ganar\u201d.<\/p>\n<p style=\"text-align: justify;\">En referencia a las encuestas que se manejan en distintos medios de comunicaci\u00f3n, Moreno Arcos se\u00f1al\u00f3 que su campa\u00f1a y su posicionamiento ha sido muy claro pues cuando renunci\u00f3 al encargo que ten\u00eda en el gobierno del estado, aparec\u00eda en las encuestas muy abajo y sin embargo, dos meses despu\u00e9s, en enero, la diferencia con el otro partido se hab\u00eda disminuido notablemente.<\/p>\n<p style=\"text-align: justify;\">\u201cNosotros hemos estado conociendo diferentes encuestas hay encuestas que manejan desde 15 puntos a otras que manejan cuatro puntos de diferencia, hoy estamos hablando que hemos avanzado de manera importante que hoy en este d\u00eda realmente la campa\u00f1a se va a acortando las cifras se van acortando y que tenemos confianza que no m\u00e1s all\u00e1 de un mes podemos estar arriba\u201d.<\/p>\n<p style=\"text-align: justify;\">En referencia a sus gastos de campa\u00f1a, y sobre las amenazas de Morena de presentar una queja, el abanderado de la alianza <em>Va Por Guerrero<\/em> dijo que ha cumplido a cabalidad con su contabilidad y que en cada evento el INE ha supervisado de manera directa con su personal, los gastos que se hacen, por ello no tiene ning\u00fan temor.<\/p>\n<p style=\"text-align: justify;\">En cuanto al uso de la aeronave reconoci\u00f3 que la utiliz\u00f3, que el gasto estaba contemplado y que en cuanto arranquen las campa\u00f1as de los candidatos a presidentes municipales, si es necesario la volver\u00e1 ocupar pues las distancias en Guerrero son bastante grandes y la idea es acompa\u00f1ar al mayor n\u00famero de aspirantes a las alcald\u00edas, pero sobre todo, que esos gastos ya est\u00e1n en su planeaci\u00f3n de la campa\u00f1a.<\/p>\n","protected":false},"excerpt":{"rendered":"<p>CIUDAD DE M\u00c9XICO. * 8 de abril de 2021. ] Especial. En entrevista con Azucena Uresti de canal 6 de Milenio Televisi\u00f3n, el abanderado de la alianza Va Por Guerrero, Mario Moreno Arcos, se dijo seguro de ganar la elecci\u00f3n del pr\u00f3ximo 6 de junio, confiado en el apoyo ciudadano que ha ido ganando en&#8230;<\/p>\n","protected":false},"author":2,"featured_media":1224227,"comment_status":"closed","ping_status":"closed","sticky":false,"template":"","format":"standard","meta":{"footnotes":""},"categories":[2052,18561],"tags":[5943,12685,17706],"class_list":["post-1224225","post","type-post","status-publish","format-standard","has-post-thumbnail","hentry","category-elecciones","category-society-politics","tag-coalicion-pri-prd-guerrero-2021","tag-mario-moreno-arcos","tag-va-por-guerrero"],"_links":{"self":[{"href":"https:\/\/www.acapulcopress.com\/index.php\/wp-json\/wp\/v2\/posts\/1224225","targetHints":{"allow":["GET"]}}],"collection":[{"href":"https:\/\/www.acapulcopress.com\/index.php\/wp-json\/wp\/v2\/posts"}],"about":[{"href":"https:\/\/www.acapulcopress.com\/index.php\/wp-json\/wp\/v2\/types\/post"}],"author":[{"embeddable":true,"href":"https:\/\/www.acapulcopress.com\/index.php\/wp-json\/wp\/v2\/users\/2"}],"replies":[{"embeddable":true,"href":"https:\/\/www.acapulcopress.com\/index.php\/wp-json\/wp\/v2\/comments?post=1224225"}],"version-history":[{"count":0,"href":"https:\/\/www.acapulcopress.com\/index.php\/wp-json\/wp\/v2\/posts\/1224225\/revisions"}],"wp:featuredmedia":[{"embeddable":true,"href":"https:\/\/www.acapulcopress.com\/index.php\/wp-json\/"}],"wp:attachment":[{"href":"https:\/\/www.acapulcopress.com\/index.php\/wp-json\/wp\/v2\/media?parent=1224225"}],"wp:term":[{"taxonomy":"category","embeddable":true,"href":"https:\/\/www.acapulcopress.com\/index.php\/wp-json\/wp\/v2\/categories?post=1224225"},{"taxonomy":"post_tag","embeddable":true,"href":"https:\/\/www.acapulcopress.com\/index.php\/wp-json\/wp\/v2\/tags?post=1224225"}],"curies":[{"name":"wp","href":"https:\/\/api.w.org\/{rel}","templated":true}]}}