{"id":1224233,"date":"2021-04-09T20:13:51","date_gmt":"2021-04-10T01:13:51","guid":{"rendered":"https:\/\/www.acapulcopress.com\/?p=1224233"},"modified":"2021-04-09T20:13:51","modified_gmt":"2021-04-10T01:13:51","slug":"guerrero-a-casi-2-puntos-del-color-verde","status":"publish","type":"post","link":"https:\/\/www.acapulcopress.com\/index.php\/2021\/04\/09\/guerrero-a-casi-2-puntos-del-color-verde\/","title":{"rendered":"Guerrero, \u00aba casi 2 puntos\u00bb del color verde"},"content":{"rendered":"<p style=\"text-align: justify;\"><strong>* En Guerrero hay 38 mil 257 casos postivos de Covid19\u00a0 y 4 mil 139 defunciones, as\u00ed como 106 casos nuevos y 550 activos, informa el secretario de Salud estatal, Carlos de la Pe\u00f1a Pintos.<\/strong><\/p>\n<p style=\"text-align: justify;\">ACAPULCO. * 9 de abril de 2021.<br \/>\n<em>] Gobierno de Guerrero.<\/em><\/p>\n<p style=\"text-align: justify;\">\u00abLas medidas han ido funcionando, pero tenemos que hacer un esfuerzo m\u00e1s porque el Covid no se ha ido, ah\u00ed est\u00e1\u00bb, se\u00f1al\u00f3 el gobernador H\u00e9ctor Astudillo Flores durante la transmisi\u00f3n de la actualizaci\u00f3n de los datos sobre la situaci\u00f3n que guarda el estado en relaci\u00f3n a la pandemia.<\/p>\n<p style=\"text-align: justify;\">Tambi\u00e9n invit\u00f3 a los adultos mayores que no han recibido la vacuna, as\u00ed como al personal m\u00e9dico del sector privado a que acudan a recibirla en el macro centro del Centro Internacional Acapulco y el F\u00f3rum Mundo Imperial. Cabe destacar que este es el \u00faltimo d\u00eda de vacunaci\u00f3n en este municipio.<\/p>\n<p style=\"text-align: justify;\">Acompa\u00f1ado por el secretario de Salud, Carlos de la Pe\u00f1a Pintos y el jefe de la Oficina del Gobernador, Alejandro Bravo Abarca, el mandatario estatal destac\u00f3 que hay indicadores estables, los cuales se han mantenido gracias tanto a las medidas como a la participaci\u00f3n de la gente.<\/p>\n<p style=\"text-align: justify;\">Resalt\u00f3 que la entidad se mantiene en 11 puntos en el sem\u00e1foro epidemiol\u00f3gico, a casi dos puntos de alcanzar el color verde.<\/p>\n<p style=\"text-align: justify;\">Astudillo Flores record\u00f3 que este viernes da inicio la vacunaci\u00f3n para el municipio de Zihuatanejo, en donde la poblaci\u00f3n de m\u00e1s de 60 a\u00f1os puede acudir a los tres macrocentros destinado para ello, que son la Unidad Deportiva de Zihuatanejo; en la escuela Redenci\u00f3n Tropical de San Jos\u00e9 Ixtapa y en el Centro de Fiestas Ejidal de la comunidad del Coacoyul.<\/p>\n<p style=\"text-align: justify;\">En este contexto tambi\u00e9n agradeci\u00f3 el apoyo del director del Instituto de Salud para el Bienestar (Insabi), Juan Manuel Ferrer, quien gracias a su gesti\u00f3n dot\u00f3 de cinco ambulancias a la Secretar\u00eda de Salud de Guerrero. Dichos equipos permitir\u00e1n dar atenci\u00f3n de terapia intensiva y cuentan con monitor de signos vitales, ventilador, desfibrilador, nebulizador, entre otros.<\/p>\n<p style=\"text-align: justify;\">Ser\u00e1n distribuidos para Cuajinicuilapa, Filo de Caballos, Zumpango, Zir\u00e1ndaro y el Centro Regulador de Urgencias M\u00e9dicas.<\/p>\n<p style=\"text-align: justify;\"><strong>Los datos del Covid en la entidad<\/strong><\/p>\n<p style=\"text-align: justify;\">En su intervenci\u00f3n el secretario de Salud inform\u00f3 que hay 38 mil 257 casos y 4 mil 139 defunciones; hay 106 casos nuevos y 550 activos. La ocupaci\u00f3n hospitalaria se mantiene estable, oscilando entre 20 y 22 por ciento, previendo un leve incremento al 25 por ciento posterior a las vacaciones de Semana Santa.<\/p>\n<p style=\"text-align: justify;\">Hay registro de 7.4 decesos diarios en lo que va del mes de abril. En cuanto a la hospitalizaci\u00f3n, hay 22 por ciento, por arriba de la media nacional que es de 17; y en cuanto a pacientes intubados, hay 13 por ciento.<\/p>\n","protected":false},"excerpt":{"rendered":"<p>* En Guerrero hay 38 mil 257 casos postivos de Covid19\u00a0 y 4 mil 139 defunciones, as\u00ed como 106 casos nuevos y 550 activos, informa el secretario de Salud estatal, Carlos de la Pe\u00f1a Pintos. ACAPULCO. * 9 de abril de 2021. ] Gobierno de Guerrero. \u00abLas medidas han ido funcionando, pero tenemos que hacer&#8230;<\/p>\n","protected":false},"author":2,"featured_media":1224235,"comment_status":"closed","ping_status":"closed","sticky":false,"template":"","format":"standard","meta":{"footnotes":""},"categories":[1972,18574,1997],"tags":[6705,9302,9705,12964,16421],"class_list":["post-1224233","post","type-post","status-publish","format-standard","has-post-thumbnail","hentry","category-special","category-gobierno-la-foto","category-noticias-destacadas","tag-covid19","tag-gobierno-de-guerrero","tag-hector-astudillo-flores","tag-mesa-de-coordinacion-para-la-construccion-de-la-paz","tag-semaforo-de-riesgo-covid19"],"_links":{"self":[{"href":"https:\/\/www.acapulcopress.com\/index.php\/wp-json\/wp\/v2\/posts\/1224233","targetHints":{"allow":["GET"]}}],"collection":[{"href":"https:\/\/www.acapulcopress.com\/index.php\/wp-json\/wp\/v2\/posts"}],"about":[{"href":"https:\/\/www.acapulcopress.com\/index.php\/wp-json\/wp\/v2\/types\/post"}],"author":[{"embeddable":true,"href":"https:\/\/www.acapulcopress.com\/index.php\/wp-json\/wp\/v2\/users\/2"}],"replies":[{"embeddable":true,"href":"https:\/\/www.acapulcopress.com\/index.php\/wp-json\/wp\/v2\/comments?post=1224233"}],"version-history":[{"count":0,"href":"https:\/\/www.acapulcopress.com\/index.php\/wp-json\/wp\/v2\/posts\/1224233\/revisions"}],"wp:featuredmedia":[{"embeddable":true,"href":"https:\/\/www.acapulcopress.com\/index.php\/wp-json\/"}],"wp:attachment":[{"href":"https:\/\/www.acapulcopress.com\/index.php\/wp-json\/wp\/v2\/media?parent=1224233"}],"wp:term":[{"taxonomy":"category","embeddable":true,"href":"https:\/\/www.acapulcopress.com\/index.php\/wp-json\/wp\/v2\/categories?post=1224233"},{"taxonomy":"post_tag","embeddable":true,"href":"https:\/\/www.acapulcopress.com\/index.php\/wp-json\/wp\/v2\/tags?post=1224233"}],"curies":[{"name":"wp","href":"https:\/\/api.w.org\/{rel}","templated":true}]}}