{"id":1224246,"date":"2021-04-09T21:35:39","date_gmt":"2021-04-10T02:35:39","guid":{"rendered":"https:\/\/www.acapulcopress.com\/?p=1224246"},"modified":"2021-04-09T21:35:39","modified_gmt":"2021-04-10T02:35:39","slug":"aun-nohaytoro-ine-debera-revalorar-cancelacion-definitiva-de-candidatura-de-felix","status":"publish","type":"post","link":"https:\/\/www.acapulcopress.com\/index.php\/2021\/04\/09\/aun-nohaytoro-ine-debera-revalorar-cancelacion-definitiva-de-candidatura-de-felix\/","title":{"rendered":"A\u00fan #NoHayToro | INE deber\u00e1 revalorar cancelaci\u00f3n definitiva de candidatura de F\u00e9lix"},"content":{"rendered":"<p style=\"text-align: justify;\"><img loading=\"lazy\" decoding=\"async\" class=\"alignnone wp-image-1224250 \" src=\"https:\/\/www.acapulco.press\/wp-content\/uploads\/2021\/04\/sesion-tepjf.png\" alt=\"\" width=\"813\" height=\"478\" \/><\/p>\n<p>CIUDAD DE M\u00c9XICO. * 9 de abril de 2021.<br \/>\n<em>] <a href=\"https:\/\/latinus.us\/2021\/04\/09\/ine-debe-valorar-nueva-cuenta-cancela-candidatura-felix-salgado-tepjf\/\" target=\"_blank\" rel=\"noopener\">Latinus<\/a>.<\/em><\/p>\n<p style=\"text-align: justify;\">Por unamindad, la Sala Superior del Tribunal Electoral del Poder Judicial de la Federaci\u00f3n (TEPJF) devolvi\u00f3 este viernes al Instituto Nacional Electoral (INE) el caso de F\u00e9lix Salgado Macedonio para que valore de nueva cuenta la cancelaci\u00f3n de su candidatura al gobierno de Guerrero.<\/p>\n<p style=\"text-align: justify;\">Los magistrados electorales aprobaron la propuesta presentada por Reyes Rodr\u00edguez Mondrag\u00f3n y revocaron parcialmente la resoluci\u00f3n en la que el INE cancel\u00f3 su postulaci\u00f3n.<\/p>\n<p style=\"text-align: justify;\">En sesi\u00f3n p\u00fablica, los magistrados electorales remitieron el caso de F\u00e9lix Salgado Macedonio al INE, ya que reconocieron que el morenista s\u00ed fall\u00f3 al no presentar su informe de precampa\u00f1a, pero estimaron que corresponde al \u00e1rbitro electoral analizar otra vez la sanci\u00f3n sobre su candidatura.<\/p>\n<p style=\"text-align: justify;\">Puntualizaron que en caso de que el INE ratifique la p\u00e9rdida de la candidatura del morenista al gobierno de Guerrero, entonces deber\u00e1 establecer los lineamientos a seguir para la sustituci\u00f3n del candidato de Morena.<\/p>\n<p style=\"text-align: justify;\">La Sala Superior tambi\u00e9n determin\u00f3 que los consejeros electorales deben revisar, analizar e individualizar las sanciones que le impuso a Morena y a los dem\u00e1s aspirantes a la candidatura guerrerense.<\/p>\n<p style=\"text-align: justify;\">\u201cLa sanci\u00f3n consistente en la p\u00e9rdida del registro no puede ser aplicada de manera categ\u00f3rica, sino que hay que analizar las circunstancias objetivas y subjetivas de cada precandidato para posteriormente determinar la infracci\u00f3n. La autoridad administrativa (INE) deber\u00e1 emitir una nueva resoluci\u00f3n en la que pondere las circunstancias de cada caso\u201d, se indic\u00f3.<\/p>\n<p style=\"text-align: justify;\">Es decir, los integrantes del INE deber\u00e1n evaluar la inhabilitaci\u00f3n de participar en otras competencias de Adela Rom\u00e1n Ocampo, Pablo Am\u00edlcar Sandoval Ballesteros y Luis Walton Aburto, si ello fue proporcional conforme a la falta.<\/p>\n<p style=\"text-align: justify;\">De acuerdo con la sentencia, el INE tendr\u00e1 48 horas a partir de recibir la notificaci\u00f3n de TEPJF para emitir una nueva resoluci\u00f3n, la cual podr\u00eda ser impugnada nuevamente.<\/p>\n<p style=\"text-align: justify;\">La magistrada Janine Ot\u00e1lora apunt\u00f3 que la norma establece que los precandidatos que resulten ganadores de los procesos internos de los partidos que no presenten sus informes de gastos de precampa\u00f1a no pueden ser registrados como candidatos.<\/p>\n<p style=\"text-align: justify;\">En el caso de F\u00e9lix Salgado Macedonio, precis\u00f3 Janine Ot\u00e1lora, incurri\u00f3 en la omisi\u00f3n de entregar dicho informe, lo que constituye la infracci\u00f3n m\u00e1s grave en materia de fiscalizaci\u00f3n.<\/p>\n<p style=\"text-align: justify;\">Precis\u00f3 que no puede considerarse que hizo una presentaci\u00f3n extempor\u00e1nea, ya que su informe de gastos de precampa\u00f1a lo hizo llegar al INE apenas tres d\u00edas antes de que se concluyera el proceso de fiscalizaci\u00f3n, lo que implica que ya no es v\u00e1lido para que se le fiscalice.<\/p>\n<p style=\"text-align: justify;\">Subray\u00f3 que el derecho a ser votado no es absoluto, por lo que en su calidad de precandidato Salgado Macedonio est\u00e1 obligado a cumplir con la ley.<\/p>\n<p style=\"text-align: justify;\">El magistrado del TEPJF, Felipe Alfredo Fuentes Barrera, puntualiz\u00f3 que no puede consentirse que la falta de un registro formal como precandidatos, que fue lo que argument\u00f3 Morena y los aspirantes, vaya en contra de la transparencia, el control y la rendici\u00f3n de cuentas.<\/p>\n<p style=\"text-align: justify;\">Sin embargo, coincidi\u00f3 con el proyecto de resoluci\u00f3n sobre el caso de F\u00e9lix Salgado Macedonio y los dem\u00e1s precandidatos de Morena a Guerrero, que el INE no puede aplicar una \u00fanica sanci\u00f3n para todos, por lo que apunt\u00f3 que en el caso de la cancelaci\u00f3n de la candidatura, se debe hacer una nueva valoraci\u00f3n.<\/p>\n<p style=\"text-align: justify;\">\u201cLa p\u00e9rdida de un registro es una sanci\u00f3n v\u00e1lida, es constitucional, pero su imposici\u00f3n debe ser a partir de un an\u00e1lisis certero\u201d, subray\u00f3 el integrante del TEPJF.<\/p>\n<p><strong>SESI\u00d3N COMPLETA DE VIODECONFERENCIA DEL 9 DE ABRIL DE 2021<\/strong><\/p>\n<p><iframe loading=\"lazy\" title=\"Sesi\u00f3n P\u00fablica - Videoconferencia - Viernes 9 Abril 2021 - TEPJF\" width=\"1160\" height=\"653\" src=\"https:\/\/www.youtube.com\/embed\/a6GAzYph-2Y?feature=oembed\" frameborder=\"0\" allow=\"accelerometer; autoplay; clipboard-write; encrypted-media; gyroscope; picture-in-picture; web-share\" referrerpolicy=\"strict-origin-when-cross-origin\" allowfullscreen><\/iframe><\/p>\n","protected":false},"excerpt":{"rendered":"<p>CIUDAD DE M\u00c9XICO. * 9 de abril de 2021. ] Latinus. Por unamindad, la Sala Superior del Tribunal Electoral del Poder Judicial de la Federaci\u00f3n (TEPJF) devolvi\u00f3 este viernes al Instituto Nacional Electoral (INE) el caso de F\u00e9lix Salgado Macedonio para que valore de nueva cuenta la cancelaci\u00f3n de su candidatura al gobierno de Guerrero&#8230;.<\/p>\n","protected":false},"author":2,"featured_media":1224249,"comment_status":"closed","ping_status":"closed","sticky":false,"template":"","format":"standard","meta":{"footnotes":""},"categories":[1969,2053,1972],"tags":[3257,8467,10337,12218,13297,14123,17391],"class_list":["post-1224246","post","type-post","status-publish","format-standard","has-post-thumbnail","hentry","category-trending","category-elecciones-special","category-special","tag-adela-roman-ocampo","tag-felix-salgado-macedonio","tag-instituto-nacional-electoral-ine","tag-luis-walton-aburto","tag-morena","tag-pablo-amilcar-sandoval-ballesteros","tag-tribunal-electoral-del-poder-judicial-de-la-federacion-tepjf"],"_links":{"self":[{"href":"https:\/\/www.acapulcopress.com\/index.php\/wp-json\/wp\/v2\/posts\/1224246","targetHints":{"allow":["GET"]}}],"collection":[{"href":"https:\/\/www.acapulcopress.com\/index.php\/wp-json\/wp\/v2\/posts"}],"about":[{"href":"https:\/\/www.acapulcopress.com\/index.php\/wp-json\/wp\/v2\/types\/post"}],"author":[{"embeddable":true,"href":"https:\/\/www.acapulcopress.com\/index.php\/wp-json\/wp\/v2\/users\/2"}],"replies":[{"embeddable":true,"href":"https:\/\/www.acapulcopress.com\/index.php\/wp-json\/wp\/v2\/comments?post=1224246"}],"version-history":[{"count":0,"href":"https:\/\/www.acapulcopress.com\/index.php\/wp-json\/wp\/v2\/posts\/1224246\/revisions"}],"wp:featuredmedia":[{"embeddable":true,"href":"https:\/\/www.acapulcopress.com\/index.php\/wp-json\/"}],"wp:attachment":[{"href":"https:\/\/www.acapulcopress.com\/index.php\/wp-json\/wp\/v2\/media?parent=1224246"}],"wp:term":[{"taxonomy":"category","embeddable":true,"href":"https:\/\/www.acapulcopress.com\/index.php\/wp-json\/wp\/v2\/categories?post=1224246"},{"taxonomy":"post_tag","embeddable":true,"href":"https:\/\/www.acapulcopress.com\/index.php\/wp-json\/wp\/v2\/tags?post=1224246"}],"curies":[{"name":"wp","href":"https:\/\/api.w.org\/{rel}","templated":true}]}}