{"id":1224257,"date":"2021-04-09T21:50:47","date_gmt":"2021-04-10T02:50:47","guid":{"rendered":"https:\/\/www.acapulcopress.com\/?p=1224257"},"modified":"2021-04-09T21:50:47","modified_gmt":"2021-04-10T02:50:47","slug":"gobenador-y-titular-de-sedatu-supervisan-avances-en-parque-papagayo","status":"publish","type":"post","link":"https:\/\/www.acapulcopress.com\/index.php\/2021\/04\/09\/gobenador-y-titular-de-sedatu-supervisan-avances-en-parque-papagayo\/","title":{"rendered":"Gobenador y titular de Sedatu supervisan avances en Parque Papagayo"},"content":{"rendered":"<p style=\"text-align: justify;\">ACAPULCO. * 9 de abril de 2021.<br \/>\n<em>] Gobierno de Guerrero.<\/em><\/p>\n<p style=\"text-align: justify;\">El gobernador H\u00e9ctor Astudillo Flores recibi\u00f3 al secretario de Desarrollo Agrario, Territorial y Urbano (Sedatu), Rom\u00e1n Meyer Falc\u00f3n, con quien realiz\u00f3 un recorrido por el proyecto del Parque Papagayo.<\/p>\n<p style=\"text-align: justify;\">Este es un importante \u00e1rea para la salud, recreaci\u00f3n y deporte para las familias acapulque\u00f1as y visitantes, cuando la pandemia pase podr\u00e1n disfrutar de este gran espacio para ejercitarse.<\/p>\n<p style=\"text-align: justify;\">Se prev\u00e9 que estar\u00e1 listo para el mes de mayo, convirti\u00e9ndose en un espacio de desarrollo.<\/p>\n<p style=\"text-align: justify;\">Durante su recorrido, ambos funcionarios visitaron los avances de la <em>Casa del Lago,<\/em> el teatro al aire libre, el \u00e1rea de juegos, el \u00e1rea que ser\u00e1 destinada para snacks y la biblioteca, entre otras.<\/p>\n\n","protected":false},"excerpt":{"rendered":"<p>ACAPULCO. * 9 de abril de 2021. ] Gobierno de Guerrero. El gobernador H\u00e9ctor Astudillo Flores recibi\u00f3 al secretario de Desarrollo Agrario, Territorial y Urbano (Sedatu), Rom\u00e1n Meyer Falc\u00f3n, con quien realiz\u00f3 un recorrido por el proyecto del Parque Papagayo. Este es un importante \u00e1rea para la salud, recreaci\u00f3n y deporte para las familias acapulque\u00f1as&#8230;<\/p>\n","protected":false},"author":2,"featured_media":1224259,"comment_status":"closed","ping_status":"closed","sticky":false,"template":"","format":"standard","meta":{"footnotes":""},"categories":[18573,1983],"tags":[5347,9705,14217,14260,15773,16151],"class_list":["post-1224257","post","type-post","status-publish","format-standard","has-post-thumbnail","hentry","category-goverment","category-guerrerogob","tag-casa-del-lago","tag-hector-astudillo-flores","tag-papagayo","tag-parque-papagayo","tag-roman-meyer-falcon","tag-secretaria-de-desarrollo-agrario-territorial-y-urbano-sedatu"],"_links":{"self":[{"href":"https:\/\/www.acapulcopress.com\/index.php\/wp-json\/wp\/v2\/posts\/1224257","targetHints":{"allow":["GET"]}}],"collection":[{"href":"https:\/\/www.acapulcopress.com\/index.php\/wp-json\/wp\/v2\/posts"}],"about":[{"href":"https:\/\/www.acapulcopress.com\/index.php\/wp-json\/wp\/v2\/types\/post"}],"author":[{"embeddable":true,"href":"https:\/\/www.acapulcopress.com\/index.php\/wp-json\/wp\/v2\/users\/2"}],"replies":[{"embeddable":true,"href":"https:\/\/www.acapulcopress.com\/index.php\/wp-json\/wp\/v2\/comments?post=1224257"}],"version-history":[{"count":0,"href":"https:\/\/www.acapulcopress.com\/index.php\/wp-json\/wp\/v2\/posts\/1224257\/revisions"}],"wp:featuredmedia":[{"embeddable":true,"href":"https:\/\/www.acapulcopress.com\/index.php\/wp-json\/"}],"wp:attachment":[{"href":"https:\/\/www.acapulcopress.com\/index.php\/wp-json\/wp\/v2\/media?parent=1224257"}],"wp:term":[{"taxonomy":"category","embeddable":true,"href":"https:\/\/www.acapulcopress.com\/index.php\/wp-json\/wp\/v2\/categories?post=1224257"},{"taxonomy":"post_tag","embeddable":true,"href":"https:\/\/www.acapulcopress.com\/index.php\/wp-json\/wp\/v2\/tags?post=1224257"}],"curies":[{"name":"wp","href":"https:\/\/api.w.org\/{rel}","templated":true}]}}