{"id":1224269,"date":"2021-04-09T12:18:29","date_gmt":"2021-04-09T17:18:29","guid":{"rendered":"https:\/\/www.acapulcopress.com\/?p=1224269"},"modified":"2021-04-09T12:18:29","modified_gmt":"2021-04-09T17:18:29","slug":"gobernador-entrega-cinco-ambulancias-para-fortalecer-atencion-medica-en-guerrero","status":"publish","type":"post","link":"https:\/\/www.acapulcopress.com\/index.php\/2021\/04\/09\/gobernador-entrega-cinco-ambulancias-para-fortalecer-atencion-medica-en-guerrero\/","title":{"rendered":"Gobernador entrega cinco ambulancias para fortalecer atenci\u00f3n m\u00e9dica en Guerrero"},"content":{"rendered":"<p style=\"text-align: justify;\"><img loading=\"lazy\" decoding=\"async\" class=\"alignnone wp-image-1224274 size-large\" src=\"https:\/\/www.acapulco.press\/wp-content\/uploads\/2021\/04\/HAF-AMBULANCIAS6-840x560.jpg\" alt=\"\" width=\"840\" height=\"560\" \/><\/p>\n<p style=\"text-align: justify;\">ACAPULCO. * 9 de abril de 2021.<br \/>\n<em>] Gobierno de Guerrero.<\/em><\/p>\n<p style=\"text-align: justify;\">Como resultado de la gesti\u00f3n ante la federaci\u00f3n para fortalecer la infraestructura del sector salud, el gobernador H\u00e9ctor Astudillo Flores entreg\u00f3 cinco ambulancias equipadas para terapia intensiva lo que permitir\u00e1 mejorar la <img loading=\"lazy\" decoding=\"async\" class=\"alignleft size-medium wp-image-1224275\" src=\"https:\/\/www.acapulco.press\/wp-content\/uploads\/2021\/04\/HAF-AMBULANCIAS7-375x250.jpg\" alt=\"\" width=\"375\" height=\"250\" \/>atenci\u00f3n m\u00e9dica en Cuajinicuilapa, Filo de Caballos, Zir\u00e1ndaro, Zumpango y una m\u00e1s para el Centro Regulador de Urgencias M\u00e9dicas, mismas que fueron donadas por el gobierno federal a trav\u00e9s del Instituto de Salud para el Bienestar (INSABI) y de la Beneficencia P\u00fablica.<\/p>\n<p style=\"text-align: justify;\">\u00abGracias por esta acci\u00f3n que el gobierno federal ha tenido con Guerrero, muchas gracias al Presidente Andr\u00e9s Manuel L\u00f3pez Obrador y al Director del Insabi, Juan Antonio Ferrer\u00bb, expres\u00f3 el gobernador, quien se\u00f1al\u00f3 que derivado de una gesti\u00f3n m\u00e1s ante el INSABI, Guerrero recibir\u00e1 10 mil pruebas r\u00e1pidas de ant\u00edgeno para la detecci\u00f3n oportuna del <img loading=\"lazy\" decoding=\"async\" class=\"alignleft size-medium wp-image-1224273\" src=\"https:\/\/www.acapulco.press\/wp-content\/uploads\/2021\/04\/HAF-AMBULANCIAS5-375x250.jpg\" alt=\"\" width=\"375\" height=\"250\" \/>COVID-19 en Guerrero.<\/p>\n<p style=\"text-align: justify;\">Estas ambulancias para uso de traslados y de terapia intensiva, est\u00e1n equipadas con monitor de signos vitales, ventilador, nebulizador, entre otros elementos que ayudar\u00e1 a reforzar la atenci\u00f3n de la salud en la poblaci\u00f3n, principalmente durante la pandemia de COVID-19, distribuidas de forma estrat\u00e9gica y con base a la necesidad de la poblaci\u00f3n.<\/p>\n<p style=\"text-align: justify;\">\u00abMe siento muy contenta porque es un gran apoyo que nos da tanto el Presidente de la Rep\u00fablica como el gobernador <img loading=\"lazy\" decoding=\"async\" class=\"alignleft size-medium wp-image-1224272\" src=\"https:\/\/www.acapulco.press\/wp-content\/uploads\/2021\/04\/HAF-AMBULANCIAS3-375x250.jpg\" alt=\"\" width=\"375\" height=\"250\" \/>H\u00e9ctor Astudillo para nuestra comunidad. Est\u00e1 muy completa la ambulancia, es para terapia intensiva porque tiene muchos aparatos que nosotros necesitamos incluso en el hospital, est\u00e1 muy abastecido de los aparatos para cualquier herido o embarazadas que en cualquier traslado ya tenemos ahora si para reanimarlas y estabilizarlas\u00bb, expres\u00f3 la Directora del Hospital de la comunidad de Filo de Caballos, Alejandra Itzel Limas Garc\u00eda.<\/p>\n<p style=\"text-align: justify;\">Las ambulancias fueron entregadas a los centros de Salud de Zir\u00e1ndaro, el Hospital comunicativo de Filo de Caballos, al Hospital en Zumpango y de Cuajinicuilapa, as\u00ed como una <img loading=\"lazy\" decoding=\"async\" class=\"alignleft size-medium wp-image-1224270\" src=\"https:\/\/www.acapulco.press\/wp-content\/uploads\/2021\/04\/HAF-AMBULANCIAS-375x250.jpg\" alt=\"\" width=\"375\" height=\"250\" \/>m\u00e1s al Centro Regulador de Urgencias M\u00e9dicas en Chilpancingo, expuso el Secretario de Salud, Carlos de la Pe\u00f1a Pintos.<\/p>\n<p style=\"text-align: justify;\">\u00abEstamos muy agradecidos que la Federaci\u00f3n nos haya tomado en cuenta y que la Secretar\u00eda de Salud nos proporcione esta ambulancia para suplir las necesidades en la atenci\u00f3n de pacientes en urgencia que requieran, sobre todo el este tiempo que estamos en contingencia por COVID-19 qu\u00e9 se requiere apoyo ventilatorio, ox\u00edgeno, est\u00e1 muy bien dotada esta ambulancia\u00bb, manifest\u00f3 la Directora del Centro de Salud de Zir\u00e1ndaro, Nayrli Garc\u00eda Acevedo.<\/p>\n","protected":false},"excerpt":{"rendered":"<p>ACAPULCO. * 9 de abril de 2021. ] Gobierno de Guerrero. Como resultado de la gesti\u00f3n ante la federaci\u00f3n para fortalecer la infraestructura del sector salud, el gobernador H\u00e9ctor Astudillo Flores entreg\u00f3 cinco ambulancias equipadas para terapia intensiva lo que permitir\u00e1 mejorar la atenci\u00f3n m\u00e9dica en Cuajinicuilapa, Filo de Caballos, Zir\u00e1ndaro, Zumpango y una m\u00e1s&#8230;<\/p>\n","protected":false},"author":2,"featured_media":1224271,"comment_status":"closed","ping_status":"closed","sticky":false,"template":"","format":"standard","meta":{"footnotes":""},"categories":[18573,1983],"tags":[6705,9302,9705,16421],"class_list":["post-1224269","post","type-post","status-publish","format-standard","has-post-thumbnail","hentry","category-goverment","category-guerrerogob","tag-covid19","tag-gobierno-de-guerrero","tag-hector-astudillo-flores","tag-semaforo-de-riesgo-covid19"],"_links":{"self":[{"href":"https:\/\/www.acapulcopress.com\/index.php\/wp-json\/wp\/v2\/posts\/1224269","targetHints":{"allow":["GET"]}}],"collection":[{"href":"https:\/\/www.acapulcopress.com\/index.php\/wp-json\/wp\/v2\/posts"}],"about":[{"href":"https:\/\/www.acapulcopress.com\/index.php\/wp-json\/wp\/v2\/types\/post"}],"author":[{"embeddable":true,"href":"https:\/\/www.acapulcopress.com\/index.php\/wp-json\/wp\/v2\/users\/2"}],"replies":[{"embeddable":true,"href":"https:\/\/www.acapulcopress.com\/index.php\/wp-json\/wp\/v2\/comments?post=1224269"}],"version-history":[{"count":0,"href":"https:\/\/www.acapulcopress.com\/index.php\/wp-json\/wp\/v2\/posts\/1224269\/revisions"}],"wp:featuredmedia":[{"embeddable":true,"href":"https:\/\/www.acapulcopress.com\/index.php\/wp-json\/"}],"wp:attachment":[{"href":"https:\/\/www.acapulcopress.com\/index.php\/wp-json\/wp\/v2\/media?parent=1224269"}],"wp:term":[{"taxonomy":"category","embeddable":true,"href":"https:\/\/www.acapulcopress.com\/index.php\/wp-json\/wp\/v2\/categories?post=1224269"},{"taxonomy":"post_tag","embeddable":true,"href":"https:\/\/www.acapulcopress.com\/index.php\/wp-json\/wp\/v2\/tags?post=1224269"}],"curies":[{"name":"wp","href":"https:\/\/api.w.org\/{rel}","templated":true}]}}