{"id":1224282,"date":"2021-04-09T22:43:52","date_gmt":"2021-04-10T03:43:52","guid":{"rendered":"https:\/\/www.acapulcopress.com\/?p=1224282"},"modified":"2021-04-09T22:43:52","modified_gmt":"2021-04-10T03:43:52","slug":"militantes-de-morena-se-suman-a-moreno-por-ser-el-mejor-candidato-al-gobierno-de-guerrero","status":"publish","type":"post","link":"https:\/\/www.acapulcopress.com\/index.php\/2021\/04\/09\/militantes-de-morena-se-suman-a-moreno-por-ser-el-mejor-candidato-al-gobierno-de-guerrero\/","title":{"rendered":"Militantes de Morena se suman a Moreno por ser el mejor candidato al Gobierno de Guerrero"},"content":{"rendered":"<p style=\"text-align: justify;\"><img loading=\"lazy\" decoding=\"async\" class=\"alignnone wp-image-1224284 size-large\" src=\"https:\/\/www.acapulco.press\/wp-content\/uploads\/2021\/04\/maio-moreno-alain-rodriguez2-840x473.jpg\" alt=\"\" width=\"840\" height=\"473\" \/><\/p>\n<p style=\"text-align: justify;\">\u00bb Redacci\u00f3n.<br \/>\nACAPULCO. * 9 de abril de 2021.<br \/>\n<em>] Especial.<\/em><\/p>\n<p style=\"text-align: justify;\">El candidato de la alianza<em> Va por Guerrero <\/em>(PRI\/PRD)<em>,<\/em> Mario Moreno Arcos, recibi\u00f3 este d\u00eda la adhesi\u00f3n del dirigentes del <em>Movimiento Social y Campesino, <\/em>Sebasti\u00e1n de la Rosa Pela\u00e9z, as\u00ed como del regidor Andr\u00e9s Alain Rodr\u00edguez Serrano y el ex precandidato a diputado local por Morena al Cuarto Distrito, Jos\u00e9 Salas, ambos <img loading=\"lazy\" decoding=\"async\" class=\"alignleft size-medium wp-image-1224285\" src=\"https:\/\/www.acapulco.press\/wp-content\/uploads\/2021\/04\/maio-moreno-alain-rodriguez3-375x250.jpg\" alt=\"\" width=\"375\" height=\"250\" \/>acompa\u00f1ados por el s\u00edndico de Acapulco, Javier Solorio Almaz\u00e1n.<\/p>\n<p style=\"text-align: justify;\">Moreno Arcos mencion\u00f3\u00a0\u00abno (preocuparle) en lo absoluto\u201d el asunto de F\u00e9lix Salgado entre el Trife y el INE, los cuales analizan la p\u00e9rdida de la candidatura de F\u00e9lix Salgado Macedonio.<\/p>\n<p style=\"text-align: justify;\">\u00abDe una vez que quede claro aqu\u00ed en Acapulco y que lo escuche todo Guerrero: si le regresan la candidatura, all\u00e1 lo esperamos en las urnas, all\u00e1 le vamos a ganar. \u00abHoy todos los de Morena se est\u00e1n viniendo con Moreno\u00bb lo que le fue aplaudido por los ah\u00ed reunidos.<\/p>\n<p style=\"text-align: justify;\"><img loading=\"lazy\" decoding=\"async\" class=\"alignleft size-medium wp-image-1224286\" src=\"https:\/\/www.acapulco.press\/wp-content\/uploads\/2021\/04\/maio-moreno-alain-rodriguez4ok-375x250.jpg\" alt=\"\" width=\"375\" height=\"250\" \/>Ala\u00edn Rodr\u00edguez, regidor del ayuntamiento de Acapulco, respaldo su decisi\u00f3n diciendo que, \u00abde todos los candidatos que hay ahorita Mario es el m\u00e1s honesto, el m\u00e1s limpio, es el hombre que puede llevar a Guerrero hasta donde queremos los guerrerenses\u00bb.<\/p>\n<p style=\"text-align: justify;\">Por su parte Jos\u00e9 Salas, ex precandidato a diputado local textualmente dijo: \u00abno queremos a alguien que tenga antecedentes penales o que tenga denuncias de agresi\u00f3n a las mujeres o de cualquier tipo. No lo queremos. No queremos eso para Guerrero. Queremos una persona seria una persona responsable, una persona trabajadora como el compa\u00f1ero Mario Moreno\u00bb.<\/p>\n<p style=\"text-align: justify;\">Ante las muestras de apoyo y respaldo, el candidato hizo p\u00fablicos varios compromisos con quienes se van sumando a su campa\u00f1a, entre los que destac\u00f3 \u201cde manera muy especial en Acapulco vamos a recuperar el turismo. Vamos a lanzar una campa\u00f1a muy fuerte para volver a posicionar Acapulco y que mis paisanas y paisanos acapulque\u00f1os tengan empleo.<\/p>\n<p style=\"text-align: justify;\">He ofrecido tambi\u00e9n que vamos a recuperar el programa de estancias infantiles en Guerrero. Hab\u00eda hasta hace m\u00e1s de dos a\u00f1os, m\u00e1s de 300 estancias infantiles, las vamos echar andar para todas las madres trabajadoras de Acapulco, para que tengan un lugar digno donde dejar a sus hijos. Es parte de los compromisos.<\/p>\n<p style=\"text-align: justify;\">Vamos a lanzar temas de vivienda, vamos a integrar una bolsa de recursos para apoyar a mujeres emprendedoras con cr\u00e9ditos sin intereses\u201d, entre otros m\u00e1s, como el programa de abasto de medicamentos para todos los hospitales.<\/p>\n","protected":false},"excerpt":{"rendered":"<p>\u00bb Redacci\u00f3n. ACAPULCO. * 9 de abril de 2021. ] Especial. El candidato de la alianza Va por Guerrero (PRI\/PRD), Mario Moreno Arcos, recibi\u00f3 este d\u00eda la adhesi\u00f3n del dirigentes del Movimiento Social y Campesino, Sebasti\u00e1n de la Rosa Pela\u00e9z, as\u00ed como del regidor Andr\u00e9s Alain Rodr\u00edguez Serrano y el ex precandidato a diputado local&#8230;<\/p>\n","protected":false},"author":2,"featured_media":1224283,"comment_status":"closed","ping_status":"closed","sticky":false,"template":"","format":"standard","meta":{"footnotes":""},"categories":[2052,18561],"tags":[3880,12685,13356,16112,17706],"class_list":["post-1224282","post","type-post","status-publish","format-standard","has-post-thumbnail","hentry","category-elecciones","category-society-politics","tag-andres-alain-rodriguez-serrano","tag-mario-moreno-arcos","tag-movimiento-social-y-campesino","tag-sebastian-de-la-rosa-pelaez","tag-va-por-guerrero"],"_links":{"self":[{"href":"https:\/\/www.acapulcopress.com\/index.php\/wp-json\/wp\/v2\/posts\/1224282","targetHints":{"allow":["GET"]}}],"collection":[{"href":"https:\/\/www.acapulcopress.com\/index.php\/wp-json\/wp\/v2\/posts"}],"about":[{"href":"https:\/\/www.acapulcopress.com\/index.php\/wp-json\/wp\/v2\/types\/post"}],"author":[{"embeddable":true,"href":"https:\/\/www.acapulcopress.com\/index.php\/wp-json\/wp\/v2\/users\/2"}],"replies":[{"embeddable":true,"href":"https:\/\/www.acapulcopress.com\/index.php\/wp-json\/wp\/v2\/comments?post=1224282"}],"version-history":[{"count":0,"href":"https:\/\/www.acapulcopress.com\/index.php\/wp-json\/wp\/v2\/posts\/1224282\/revisions"}],"wp:featuredmedia":[{"embeddable":true,"href":"https:\/\/www.acapulcopress.com\/index.php\/wp-json\/"}],"wp:attachment":[{"href":"https:\/\/www.acapulcopress.com\/index.php\/wp-json\/wp\/v2\/media?parent=1224282"}],"wp:term":[{"taxonomy":"category","embeddable":true,"href":"https:\/\/www.acapulcopress.com\/index.php\/wp-json\/wp\/v2\/categories?post=1224282"},{"taxonomy":"post_tag","embeddable":true,"href":"https:\/\/www.acapulcopress.com\/index.php\/wp-json\/wp\/v2\/tags?post=1224282"}],"curies":[{"name":"wp","href":"https:\/\/api.w.org\/{rel}","templated":true}]}}