{"id":1224306,"date":"2021-04-09T23:49:51","date_gmt":"2021-04-10T04:49:51","guid":{"rendered":"https:\/\/www.acapulcopress.com\/?p=1224306"},"modified":"2021-04-09T23:49:51","modified_gmt":"2021-04-10T04:49:51","slug":"angel-irra-pri-prd-acapulco-chilpancingo","status":"publish","type":"post","link":"https:\/\/www.acapulcopress.com\/index.php\/2021\/04\/09\/angel-irra-pri-prd-acapulco-chilpancingo\/","title":{"rendered":"\u00c1ngel Irra | PRI\/PRD, Acapulco-Chilpancingo"},"content":{"rendered":"<p style=\"text-align: justify;\">Un Rapid\u00edn<br \/>\n] Con <strong>\u00c1ngel Irra Carceda<\/strong><br \/>\n<em>| angelirracar@hotmail.com.\u00a0<\/em><\/p>\n<p style=\"text-align: justify;\">\u00bfQui\u00e9n o qui\u00e9nes estar\u00edan operando o velando armas para que la Alianza PRI-PRD no alcance la gubernatura?<\/p>\n<p>Algunos conocidos me plantearon esa pregunta este viernes 09 de abril en el centro de Chilpancingo.<\/p>\n<p>Francamente me sorprendi\u00f3.<\/p>\n<p>Coment\u00e9 que al paso que va la Alianza PRI-PRD y su candidato Mario Moreno Arcos, su objetivo (la gubernatura), no se ve tan distante.<\/p>\n<p>Que siguen acumulando importantes adhesiones. Y que hay indicios de que a MMA se le seguir\u00e1n sumando actores pol\u00edticos y organizaciones de todo tipo de suma importancia.<\/p>\n<p>La observaci\u00f3n que me hicieron, es que la definici\u00f3n de candidatos a alcaldes de Acapulco y Chilpancingo, de com\u00fan acuerdo entre PRI y PRD, ser\u00eda vital para no romper esta in\u00e9dita Alianza en Guerrero.<\/p>\n<p>Este s\u00e1bado se despejar\u00e1n las dudas, pues a la medianoche vence el plazo fatal para registrar a los candidatos ante el IEPC.<\/p>\n<p>Ya saltar\u00e1n a la vista las se\u00f1ales para analizar si realmente existen intereses oscuros y mezquinos que pretender\u00edan descarrilar la Alianza.<\/p>\n<p>Pero, si los Aliancistas y su candidato MMA mantienen ese tranco, dif\u00edcilmente los parar\u00e1n.<\/p>\n<p>Y no hay que olvidar que en Morena siguen sin candidato a la gubernatura.<\/p>\n","protected":false},"excerpt":{"rendered":"<p>Un Rapid\u00edn ] Con \u00c1ngel Irra Carceda | angelirracar@hotmail.com.\u00a0 \u00bfQui\u00e9n o qui\u00e9nes estar\u00edan operando o velando armas para que la Alianza PRI-PRD no alcance la gubernatura? Algunos conocidos me plantearon esa pregunta este viernes 09 de abril en el centro de Chilpancingo. Francamente me sorprendi\u00f3. Coment\u00e9 que al paso que va la Alianza PRI-PRD y&#8230;<\/p>\n","protected":false},"author":2,"featured_media":1224307,"comment_status":"closed","ping_status":"closed","sticky":false,"template":"","format":"standard","meta":{"footnotes":""},"categories":[2071,1991],"tags":[3938,12685,17511],"class_list":["post-1224306","post","type-post","status-publish","format-standard","has-post-thumbnail","hentry","category-opinion-analisis-columnas","category-libertad-de-expresion","tag-angel-irra-carceda","tag-mario-moreno-arcos","tag-un-rapidin"],"_links":{"self":[{"href":"https:\/\/www.acapulcopress.com\/index.php\/wp-json\/wp\/v2\/posts\/1224306","targetHints":{"allow":["GET"]}}],"collection":[{"href":"https:\/\/www.acapulcopress.com\/index.php\/wp-json\/wp\/v2\/posts"}],"about":[{"href":"https:\/\/www.acapulcopress.com\/index.php\/wp-json\/wp\/v2\/types\/post"}],"author":[{"embeddable":true,"href":"https:\/\/www.acapulcopress.com\/index.php\/wp-json\/wp\/v2\/users\/2"}],"replies":[{"embeddable":true,"href":"https:\/\/www.acapulcopress.com\/index.php\/wp-json\/wp\/v2\/comments?post=1224306"}],"version-history":[{"count":0,"href":"https:\/\/www.acapulcopress.com\/index.php\/wp-json\/wp\/v2\/posts\/1224306\/revisions"}],"wp:featuredmedia":[{"embeddable":true,"href":"https:\/\/www.acapulcopress.com\/index.php\/wp-json\/"}],"wp:attachment":[{"href":"https:\/\/www.acapulcopress.com\/index.php\/wp-json\/wp\/v2\/media?parent=1224306"}],"wp:term":[{"taxonomy":"category","embeddable":true,"href":"https:\/\/www.acapulcopress.com\/index.php\/wp-json\/wp\/v2\/categories?post=1224306"},{"taxonomy":"post_tag","embeddable":true,"href":"https:\/\/www.acapulcopress.com\/index.php\/wp-json\/wp\/v2\/tags?post=1224306"}],"curies":[{"name":"wp","href":"https:\/\/api.w.org\/{rel}","templated":true}]}}