{"id":1224343,"date":"2021-04-11T18:38:04","date_gmt":"2021-04-11T23:38:04","guid":{"rendered":"https:\/\/www.acapulcopress.com\/?p=1224343"},"modified":"2021-04-11T18:38:04","modified_gmt":"2021-04-11T23:38:04","slug":"anuncia-hector-vicario-cuidado-y-preservacion-de-la-laguna-de-tuxpan","status":"publish","type":"post","link":"https:\/\/www.acapulcopress.com\/index.php\/2021\/04\/11\/anuncia-hector-vicario-cuidado-y-preservacion-de-la-laguna-de-tuxpan\/","title":{"rendered":"Anuncia H\u00e9ctor Vicario cuidado y preservaci\u00f3n de la laguna de Tuxpan"},"content":{"rendered":"<p style=\"text-align: justify;\">IGUALA, Gro. * 11 de abril de 2021.<br \/>\n<em>] Especial.<\/em><\/p>\n<p style=\"text-align: justify;\">Durante su visita a la localidad de Tuxpan, en Iguala, el aspirante de la coalici\u00f3n PRI\/PRD a Diputado local por el <img loading=\"lazy\" decoding=\"async\" class=\"alignleft size-medium wp-image-1224350\" src=\"https:\/\/www.acapulco.press\/wp-content\/uploads\/2021\/04\/HECTOR-VICARIO7-375x250.jpg\" alt=\"\" width=\"375\" height=\"250\" \/>Distrito 23, H\u00e9ctor Vicario Castrej\u00f3n, habl\u00f3 con los pobladores de la implementaci\u00f3n del Programa del Emprendedor y el cuidado y preservaci\u00f3n de la laguna de ese lugar.<\/p>\n<p style=\"text-align: justify;\">Asimismo, hizo hincapi\u00e9 a la la importancia de recuperar los programas sociales tendientes a la atenci\u00f3n de Ni\u00f1os con C\u00e1ncer, el programa de Fertilizante gratuito para los hombres del campo, y retomar el programa de Comedores Comunitarios para ayudar a la poblaci\u00f3n con alimentaci\u00f3n nutricional.<\/p>\n<p style=\"text-align: justify;\">Vicario Castrej\u00f3n dio \u00e9nfasis tambi\u00e9n al programa\u00a0 Prospera para brindar apoyos de Educaci\u00f3n, Salud, Nutrici\u00f3n e incentivos econ\u00f3micos a las familias de escasos recursos, as\u00ed como el Seguro Popular y las Estancias Infantiles para el apoyo a madres de familia trabajadoras y otros temas relevantes como la protecci\u00f3n a la mujer y mejoras a la localidad con servicios como drenaje y pavimentaci\u00f3n de calles.<\/p>\n\n","protected":false},"excerpt":{"rendered":"<p>IGUALA, Gro. * 11 de abril de 2021. ] Especial. Durante su visita a la localidad de Tuxpan, en Iguala, el aspirante de la coalici\u00f3n PRI\/PRD a Diputado local por el Distrito 23, H\u00e9ctor Vicario Castrej\u00f3n, habl\u00f3 con los pobladores de la implementaci\u00f3n del Programa del Emprendedor y el cuidado y preservaci\u00f3n de la laguna&#8230;<\/p>\n","protected":false},"author":2,"featured_media":1224344,"comment_status":"closed","ping_status":"closed","sticky":false,"template":"","format":"standard","meta":{"footnotes":""},"categories":[2052,18561],"tags":[5941,9738,11668],"class_list":["post-1224343","post","type-post","status-publish","format-standard","has-post-thumbnail","hentry","category-elecciones","category-society-politics","tag-coalicion-pri-prd-eleccion-guerrero-2021","tag-hector-vicario-castrejon","tag-laguna-de-tuxpan"],"_links":{"self":[{"href":"https:\/\/www.acapulcopress.com\/index.php\/wp-json\/wp\/v2\/posts\/1224343","targetHints":{"allow":["GET"]}}],"collection":[{"href":"https:\/\/www.acapulcopress.com\/index.php\/wp-json\/wp\/v2\/posts"}],"about":[{"href":"https:\/\/www.acapulcopress.com\/index.php\/wp-json\/wp\/v2\/types\/post"}],"author":[{"embeddable":true,"href":"https:\/\/www.acapulcopress.com\/index.php\/wp-json\/wp\/v2\/users\/2"}],"replies":[{"embeddable":true,"href":"https:\/\/www.acapulcopress.com\/index.php\/wp-json\/wp\/v2\/comments?post=1224343"}],"version-history":[{"count":0,"href":"https:\/\/www.acapulcopress.com\/index.php\/wp-json\/wp\/v2\/posts\/1224343\/revisions"}],"wp:featuredmedia":[{"embeddable":true,"href":"https:\/\/www.acapulcopress.com\/index.php\/wp-json\/"}],"wp:attachment":[{"href":"https:\/\/www.acapulcopress.com\/index.php\/wp-json\/wp\/v2\/media?parent=1224343"}],"wp:term":[{"taxonomy":"category","embeddable":true,"href":"https:\/\/www.acapulcopress.com\/index.php\/wp-json\/wp\/v2\/categories?post=1224343"},{"taxonomy":"post_tag","embeddable":true,"href":"https:\/\/www.acapulcopress.com\/index.php\/wp-json\/wp\/v2\/tags?post=1224343"}],"curies":[{"name":"wp","href":"https:\/\/api.w.org\/{rel}","templated":true}]}}