{"id":1224378,"date":"2021-04-12T20:50:32","date_gmt":"2021-04-13T01:50:32","guid":{"rendered":"https:\/\/www.acapulcopress.com\/?p=1224378"},"modified":"2021-04-12T20:50:32","modified_gmt":"2021-04-13T01:50:32","slug":"paso-firme-de-mario-moreno-arcos-bien-apoyado-con-candidatos-a-diputados","status":"publish","type":"post","link":"https:\/\/www.acapulcopress.com\/index.php\/2021\/04\/12\/paso-firme-de-mario-moreno-arcos-bien-apoyado-con-candidatos-a-diputados\/","title":{"rendered":"Paso firme de Mario Moreno Arcos, bien apoyado con candidatos a diputados"},"content":{"rendered":"<p style=\"text-align: justify;\">Un Rapid\u00edn<br \/>\n<strong>] Con \u00c1ngel Irra Carceda<\/strong><br \/>\n<em>| angelirracar@hotmail.com.<\/em><\/p>\n<p style=\"text-align: justify;\">El candidato de la Alianza PRI-PRD, Mario Moreno Arcos, avanza con paso firme en su campa\u00f1a en pos de la gubernatura de Guerrero.<\/p>\n<p style=\"text-align: justify;\">Del otro lado, en el establo de Morena, contin\u00faan a estas alturas sin candidato a la gubernatura.<\/p>\n<p style=\"text-align: justify;\">Est\u00e1n a la deriva y en manos del Instituto Nacional Electoral (INE), que est\u00e1 pr\u00f3ximo a decidir si finalmente se la perdonan al beligerante F\u00e9lix Salgado Macedonio.<\/p>\n<p style=\"text-align: justify;\">Pero ese escenario se antoja bastante dif\u00edcil, pues se da por hecho que los siete consejeros que le cancelaron el registro a su candidatura, cambien su decisi\u00f3n.<\/p>\n<p style=\"text-align: justify;\">Y m\u00e1s porque el pol\u00e9mico FSM no ha dejado de amenazar con que si no le restituyen la candidatura, en Guerrero no habr\u00e1 elecci\u00f3n y, el colmo, que por ello hasta \u201cdesaparecer\u00e1\u201d al INE. As\u00ed, de ese tama\u00f1o, el amago del senador con licencia por Morena.<\/p>\n<p style=\"text-align: justify;\">Pero mientras que FSM amenaza con quemar con le\u00f1a verde a los consejeros del INE, Mario Moreno Arcos no se distrae y sigue con su campa\u00f1a por todo Guerrero.<\/p>\n<p style=\"text-align: justify;\">Y las adhesiones a su candidatura de actores pol\u00edticos, ex candidatos a alg\u00fan cargo de elecci\u00f3n popular y dirigentes de organizaciones de todo tipo seguir\u00e1n.<\/p>\n<p style=\"text-align: justify;\">Otro ingrediente que fortalece m\u00e1s a Mario Moreno, son los candidatos a diputados por la Alianza PRI-PRD. Por la diputaci\u00f3n federal en el Distrito 07 (Chilpancingo), va Beatriz V\u00e9lez N\u00fa\u00f1ez.<\/p>\n<p style=\"text-align: justify;\">Significa la suma de votos en esta coalici\u00f3n conocida tambi\u00e9n como \u201cVa por M\u00e9xico\u201d. Tiene bien trabajado ese Distrito 07, cuenta con una s\u00f3lida estructura electoral y, por el lado de Morena, no se observa tanta competencia, pues ese territorio fue abandonado por los propios morenistas y su diputado federal, de cuyo nombre ni se han de acordar los ciudadanos.<\/p>\n<p style=\"text-align: justify;\">Adem\u00e1s, Beatriz V\u00e9lez se ha coordinado muy bien con sus compa\u00f1eros candidatos a diputados locales por los distritos 01 y 02, Fernando Calixto Cuevas y C\u00e9sar Armenta Adame, respectivamente.<\/p>\n<p style=\"text-align: justify;\">Todos ellos mantienen una buena campa\u00f1a en sus respectivos territorios, pero tambi\u00e9n lo hacen en conjunto y, adem\u00e1s, cuando la ocasi\u00f3n lo requiere realizan proselitismo al lado de su candidato a la gubernatura, Mario Moreno Arcos.<\/p>\n<p style=\"text-align: justify;\">Son candidatos que han hecho buen equipo entre ellos y representan la suma de votos a Mario Moreno.<\/p>\n<p style=\"text-align: justify;\">Hay voces que apuntan a que a esta campa\u00f1a le falta m\u00e1s, pero sin embargo a\u00fan hay bastante trecho por recorrer y con el tranco que lleva ser\u00e1 m\u00e1s s\u00f3lida. Pero, por si fuera poco, las campa\u00f1as en Morena m\u00e1s bien parecen de \u201cbrazos ca\u00eddos\u201d. Simple y sencillamente no se ven.<\/p>\n","protected":false},"excerpt":{"rendered":"<p>Un Rapid\u00edn ] Con \u00c1ngel Irra Carceda | angelirracar@hotmail.com. El candidato de la Alianza PRI-PRD, Mario Moreno Arcos, avanza con paso firme en su campa\u00f1a en pos de la gubernatura de Guerrero. Del otro lado, en el establo de Morena, contin\u00faan a estas alturas sin candidato a la gubernatura. Est\u00e1n a la deriva y en&#8230;<\/p>\n","protected":false},"author":2,"featured_media":1224390,"comment_status":"closed","ping_status":"closed","sticky":false,"template":"","format":"standard","meta":{"footnotes":""},"categories":[2071,1991],"tags":[3684,4645,5618,8467,8520,10337,12685],"class_list":["post-1224378","post","type-post","status-publish","format-standard","has-post-thumbnail","hentry","category-opinion-analisis-columnas","category-libertad-de-expresion","tag-alianza-pri-prd-guerrero-2021","tag-beatriz-velez-nunez","tag-cesar-armenta-adame","tag-felix-salgado-macedonio","tag-fernando-calixto-cuevas","tag-instituto-nacional-electoral-ine","tag-mario-moreno-arcos"],"_links":{"self":[{"href":"https:\/\/www.acapulcopress.com\/index.php\/wp-json\/wp\/v2\/posts\/1224378","targetHints":{"allow":["GET"]}}],"collection":[{"href":"https:\/\/www.acapulcopress.com\/index.php\/wp-json\/wp\/v2\/posts"}],"about":[{"href":"https:\/\/www.acapulcopress.com\/index.php\/wp-json\/wp\/v2\/types\/post"}],"author":[{"embeddable":true,"href":"https:\/\/www.acapulcopress.com\/index.php\/wp-json\/wp\/v2\/users\/2"}],"replies":[{"embeddable":true,"href":"https:\/\/www.acapulcopress.com\/index.php\/wp-json\/wp\/v2\/comments?post=1224378"}],"version-history":[{"count":0,"href":"https:\/\/www.acapulcopress.com\/index.php\/wp-json\/wp\/v2\/posts\/1224378\/revisions"}],"wp:featuredmedia":[{"embeddable":true,"href":"https:\/\/www.acapulcopress.com\/index.php\/wp-json\/"}],"wp:attachment":[{"href":"https:\/\/www.acapulcopress.com\/index.php\/wp-json\/wp\/v2\/media?parent=1224378"}],"wp:term":[{"taxonomy":"category","embeddable":true,"href":"https:\/\/www.acapulcopress.com\/index.php\/wp-json\/wp\/v2\/categories?post=1224378"},{"taxonomy":"post_tag","embeddable":true,"href":"https:\/\/www.acapulcopress.com\/index.php\/wp-json\/wp\/v2\/tags?post=1224378"}],"curies":[{"name":"wp","href":"https:\/\/api.w.org\/{rel}","templated":true}]}}