{"id":1224461,"date":"2021-04-13T00:29:41","date_gmt":"2021-04-13T05:29:41","guid":{"rendered":"https:\/\/www.acapulcopress.com\/?p=1224461"},"modified":"2021-04-13T00:29:41","modified_gmt":"2021-04-13T05:29:41","slug":"si-habra-eleccion-en-guerrero-mario-moreno","status":"publish","type":"post","link":"https:\/\/www.acapulcopress.com\/index.php\/2021\/04\/13\/si-habra-eleccion-en-guerrero-mario-moreno\/","title":{"rendered":"S\u00ed habr\u00e1 elecci\u00f3n en Guerrero: Mario Moreno"},"content":{"rendered":"<p style=\"text-align: justify;\">ACAPULCO, Gro. * 12 de abril de 2021.<br \/>\n<em>] Especial.<\/em><\/p>\n<p style=\"text-align: justify;\">Mario Moreno Arcos, candidato a gobernador de la alianza PRI-PRD, asegur\u00f3 que est\u00e1 convencido de que s\u00ed habr\u00e1 elecciones en Guerrero el pr\u00f3ximo 6 de junio y que su proyecto sigue creciendo por todo el estado.<\/p>\n<p style=\"text-align: justify;\"><img loading=\"lazy\" decoding=\"async\" class=\"alignleft size-medium wp-image-1224462\" src=\"https:\/\/www.acapulco.press\/wp-content\/uploads\/2021\/04\/MARIO-MORENO-ELECCION-375x250.jpg\" alt=\"\" width=\"375\" height=\"250\" \/>\u201cSi alguien anda haciendo un llamado a que por alg\u00fan tema que haya generado le est\u00e9n negando una candidatura, no va a lograr mover a la gente de Guerrero para que no haya elecciones; va a haber elecciones el 6 de junio, porque la ciudadan\u00eda as\u00ed lo quiere\u201d, enfatiz\u00f3, al citar que los guerrerenses merecemos vivir en paz y no presos de llamados a la ilegalidad.<\/p>\n<p style=\"text-align: justify;\">En entrevista durante una gira de proselitismo por este puerto, coment\u00f3 que el pueblo de Guerrero aspira a vivir en armon\u00eda, en paz, con seguridad y desarrollo. \u201cVa a haber elecciones, eso nadie lo puede negar\u201d, insisti\u00f3.<\/p>\n<p style=\"text-align: justify;\">A un mes de campa\u00f1a electoral por la gubernatura de Guerrero, Moreno Arcos se\u00f1al\u00f3 que su crecimiento en la preferencia pol\u00edtico-electoral sigue en ascenso y que est\u00e1 mejor evaluado en las encuestas m\u00e1s recientes.<\/p>\n<p style=\"text-align: justify;\">\u201cHay encuestas que nos dan 4 puntos de diferencia, otras 10, que son las de mayor desventaja, pero las encuestas son fotos de un d\u00eda, son a veces intereses de algunos por manejarlas. Las mejores encuestas se hacen en territorio, caminando, saludando a la gente y recibiendo el respaldo y apoyo de la gente\u201d, coment\u00f3.<\/p>\n<p style=\"text-align: justify;\">El abanderado de la alianza \u201cVa por Guerrero\u201d dijo que su proyecto se fortaleci\u00f3 a\u00fan m\u00e1s, tras el arranque de campa\u00f1a de los candidatos a diputados federales y diputados locales, con quienes est\u00e1 haciendo m\u00e1s territorio.<\/p>\n<p style=\"text-align: justify;\">Anunci\u00f3 tambi\u00e9n que el 24 de abril iniciar\u00e1n campa\u00f1a los candidatos a presidentes municipales, lo que constituir\u00e1 un nuevo impulso a la candidatura a gobernador de Mario Moreno a trav\u00e9s del PRI-PRD.<\/p>\n<p style=\"text-align: justify;\">\u201cLa gente quiere ver qui\u00e9n va a ser su presidente municipal, porque le interesa el tema de los servicios. El agua es algo que aqueja, lastima y ofende a los acapulque\u00f1os, pero los ciudadanos quieren saber qu\u00e9 opina su candidato a presidente municipal\u201d.<\/p>\n<p style=\"text-align: justify;\">Coment\u00f3 tambi\u00e9n que a partir de ahora los eventos de proselitismo ser\u00e1n en conjunto con militantes y simpatizantes del PRI y del PRD, tras definirse la candidatura a la Alcald\u00eda de Acapulco a trav\u00e9s de la alianza, con Ricardo Taja Ram\u00edrez.<\/p>\n<p style=\"text-align: justify;\">\u201cHac\u00eda falta la integraci\u00f3n de una planilla de unidad, que ya est\u00e1. Ya qued\u00f3 al cien por ciento y a partir de ahora estaremos todos trabajando en territorio, sin problema. Queda Ricardo Taja (del PRI) como candidato de la alianza y va V\u00edctor Aguirre (del PRD) como s\u00edndico procurador\u201d, precis\u00f3.<\/p>\n","protected":false},"excerpt":{"rendered":"<p>ACAPULCO, Gro. * 12 de abril de 2021. ] Especial. Mario Moreno Arcos, candidato a gobernador de la alianza PRI-PRD, asegur\u00f3 que est\u00e1 convencido de que s\u00ed habr\u00e1 elecciones en Guerrero el pr\u00f3ximo 6 de junio y que su proyecto sigue creciendo por todo el estado. \u201cSi alguien anda haciendo un llamado a que por&#8230;<\/p>\n","protected":false},"author":2,"featured_media":1224463,"comment_status":"closed","ping_status":"closed","sticky":false,"template":"","format":"standard","meta":{"footnotes":""},"categories":[2053,1972,1997],"tags":[5941,12685],"class_list":["post-1224461","post","type-post","status-publish","format-standard","has-post-thumbnail","hentry","category-elecciones-special","category-special","category-noticias-destacadas","tag-coalicion-pri-prd-eleccion-guerrero-2021","tag-mario-moreno-arcos"],"_links":{"self":[{"href":"https:\/\/www.acapulcopress.com\/index.php\/wp-json\/wp\/v2\/posts\/1224461","targetHints":{"allow":["GET"]}}],"collection":[{"href":"https:\/\/www.acapulcopress.com\/index.php\/wp-json\/wp\/v2\/posts"}],"about":[{"href":"https:\/\/www.acapulcopress.com\/index.php\/wp-json\/wp\/v2\/types\/post"}],"author":[{"embeddable":true,"href":"https:\/\/www.acapulcopress.com\/index.php\/wp-json\/wp\/v2\/users\/2"}],"replies":[{"embeddable":true,"href":"https:\/\/www.acapulcopress.com\/index.php\/wp-json\/wp\/v2\/comments?post=1224461"}],"version-history":[{"count":0,"href":"https:\/\/www.acapulcopress.com\/index.php\/wp-json\/wp\/v2\/posts\/1224461\/revisions"}],"wp:featuredmedia":[{"embeddable":true,"href":"https:\/\/www.acapulcopress.com\/index.php\/wp-json\/"}],"wp:attachment":[{"href":"https:\/\/www.acapulcopress.com\/index.php\/wp-json\/wp\/v2\/media?parent=1224461"}],"wp:term":[{"taxonomy":"category","embeddable":true,"href":"https:\/\/www.acapulcopress.com\/index.php\/wp-json\/wp\/v2\/categories?post=1224461"},{"taxonomy":"post_tag","embeddable":true,"href":"https:\/\/www.acapulcopress.com\/index.php\/wp-json\/wp\/v2\/tags?post=1224461"}],"curies":[{"name":"wp","href":"https:\/\/api.w.org\/{rel}","templated":true}]}}