{"id":1224471,"date":"2021-04-13T00:46:33","date_gmt":"2021-04-13T05:46:33","guid":{"rendered":"https:\/\/www.acapulcopress.com\/?p=1224471"},"modified":"2021-04-13T00:46:33","modified_gmt":"2021-04-13T05:46:33","slug":"pide-francisco-rodriguez-votar-por-mario-moreno-para-que-regresen-los-programas-populares","status":"publish","type":"post","link":"https:\/\/www.acapulcopress.com\/index.php\/2021\/04\/13\/pide-francisco-rodriguez-votar-por-mario-moreno-para-que-regresen-los-programas-populares\/","title":{"rendered":"Pide Francisco Rodr\u00edguez votar por Mario Moreno para que regresen los programas populares"},"content":{"rendered":"<p>ACAPULCO, Gro. * 12 de abril de 2021.<br \/>\n<em>] Especial.<\/em><\/p>\n<p style=\"text-align: justify;\"><img loading=\"lazy\" decoding=\"async\" class=\"alignleft size-medium wp-image-1224474\" src=\"https:\/\/www.acapulco.press\/wp-content\/uploads\/2021\/04\/paco-rodiguez-375x250.jpg\" alt=\"\" width=\"375\" height=\"250\" \/>Con un mensaje de agradecimiento por todas las muestras de apoyo de los simpatizantes del Partido de la Revoluci\u00f3n Democr\u00e1tica en el distrito 03 de Acapulco, por el cual contiende Francisco Rodr\u00edguez Otero, el candidato de la Alianza PRI-PRD, Mario Moreno Arcos dio a conocer que tanto el PRI como el PRD est\u00e1n unidos para llevar las mejore propuestas de trabajo por el puerto.<\/p>\n<p style=\"text-align: justify;\">En\u00a0 evento realizado en la colonia Infonavit Alta Progreso,\u00a0 el candidato al distrito 03 local Francisco Rodr\u00edguez Otero, pidi\u00f3 el voto para el proyecto que encabeza Mario Moreno para que regresen los programas sociales como seguro popular, estancias infantiles y apoyos a las mujeres.<\/p>\n<p><img loading=\"lazy\" decoding=\"async\" class=\"alignnone wp-image-1224475 size-large\" src=\"https:\/\/www.acapulco.press\/wp-content\/uploads\/2021\/04\/pacorodriguez2-840x559.jpg\" alt=\"\" width=\"840\" height=\"559\" \/><\/p>\n","protected":false},"excerpt":{"rendered":"<p>ACAPULCO, Gro. * 12 de abril de 2021. ] Especial. Con un mensaje de agradecimiento por todas las muestras de apoyo de los simpatizantes del Partido de la Revoluci\u00f3n Democr\u00e1tica en el distrito 03 de Acapulco, por el cual contiende Francisco Rodr\u00edguez Otero, el candidato de la Alianza PRI-PRD, Mario Moreno Arcos dio a conocer&#8230;<\/p>\n","protected":false},"author":2,"featured_media":1224464,"comment_status":"closed","ping_status":"closed","sticky":false,"template":"","format":"standard","meta":{"footnotes":""},"categories":[2052,2053,1972,18561],"tags":[8895,12685],"class_list":["post-1224471","post","type-post","status-publish","format-standard","has-post-thumbnail","hentry","category-elecciones","category-elecciones-special","category-special","category-society-politics","tag-francisco-rodriguez-otero","tag-mario-moreno-arcos"],"_links":{"self":[{"href":"https:\/\/www.acapulcopress.com\/index.php\/wp-json\/wp\/v2\/posts\/1224471","targetHints":{"allow":["GET"]}}],"collection":[{"href":"https:\/\/www.acapulcopress.com\/index.php\/wp-json\/wp\/v2\/posts"}],"about":[{"href":"https:\/\/www.acapulcopress.com\/index.php\/wp-json\/wp\/v2\/types\/post"}],"author":[{"embeddable":true,"href":"https:\/\/www.acapulcopress.com\/index.php\/wp-json\/wp\/v2\/users\/2"}],"replies":[{"embeddable":true,"href":"https:\/\/www.acapulcopress.com\/index.php\/wp-json\/wp\/v2\/comments?post=1224471"}],"version-history":[{"count":0,"href":"https:\/\/www.acapulcopress.com\/index.php\/wp-json\/wp\/v2\/posts\/1224471\/revisions"}],"wp:featuredmedia":[{"embeddable":true,"href":"https:\/\/www.acapulcopress.com\/index.php\/wp-json\/"}],"wp:attachment":[{"href":"https:\/\/www.acapulcopress.com\/index.php\/wp-json\/wp\/v2\/media?parent=1224471"}],"wp:term":[{"taxonomy":"category","embeddable":true,"href":"https:\/\/www.acapulcopress.com\/index.php\/wp-json\/wp\/v2\/categories?post=1224471"},{"taxonomy":"post_tag","embeddable":true,"href":"https:\/\/www.acapulcopress.com\/index.php\/wp-json\/wp\/v2\/tags?post=1224471"}],"curies":[{"name":"wp","href":"https:\/\/api.w.org\/{rel}","templated":true}]}}