{"id":1224482,"date":"2021-04-13T18:49:48","date_gmt":"2021-04-13T23:49:48","guid":{"rendered":"https:\/\/www.acapulcopress.com\/?p=1224482"},"modified":"2021-04-13T18:49:48","modified_gmt":"2021-04-13T23:49:48","slug":"fge-vincula-a-proceso-a-un-homicida-y-captura-a-un-responsable-de-lesiones","status":"publish","type":"post","link":"https:\/\/www.acapulcopress.com\/index.php\/2021\/04\/13\/fge-vincula-a-proceso-a-un-homicida-y-captura-a-un-responsable-de-lesiones\/","title":{"rendered":"FGE vincula a proceso a un homicida y captura a un responsable de lesiones"},"content":{"rendered":"<p style=\"text-align: justify;\">ACAPULCO, Gro. * 13 de abril de 2021.<br \/>\n<em>] <a href=\"https:\/\/fiscaliaguerrero.gob.mx\" target=\"_blank\" rel=\"noopener\">https:\/\/fiscaliaguerrero.gob.mx<\/a>.<\/em><\/p>\n<p style=\"text-align: justify;\">El Ministerio P\u00fablico adscrito a Zihuatanejo de Azueta logr\u00f3 vinculaci\u00f3n a proceso en contra de Jorge de Jes\u00fas \u00abN\u00bb, al\u00edas \u00abEl Tocino\u00bb, como probable responsable del delito de Homicidio por arma de fuego (Doloso) en agravio de Ram\u00f3n \u00abN\u00bb.<\/p>\n<p style=\"text-align: justify;\">El imputado es se\u00f1alado de entregar un arma de fuego a una persona del sexo masculino el d\u00eda 22 de febrero de 2021, en el Paseo de la Boquita frente a un centro comercial ubicado en ese lugar, de la colonia El Embalse, de Zihuatanejo, y qui\u00e9n recibi\u00f3 el arma se dirigi\u00f3 a la v\u00edctima que en ese momento vend\u00eda peri\u00f3dicos para realizarle <img loading=\"lazy\" decoding=\"async\" class=\"alignleft size-medium wp-image-1224483\" src=\"https:\/\/www.acapulco.press\/wp-content\/uploads\/2021\/04\/fge-antonio-lesiones-375x375.jpg\" alt=\"\" width=\"375\" height=\"375\" \/>disparos hasta privarlo de la vida.<\/p>\n<p style=\"text-align: justify;\">En audiencia inicial el Ministerio P\u00fablico solicit\u00f3 y obtuvo del Juez de Control vinculaci\u00f3n a proceso en contra de Jorge de Jes\u00fas \u00abN\u00bb, como probable responsable del delito en menci\u00f3n, otorgando tres meses de investigaci\u00f3n complementaria, quedando vigente la medida cautelar de prisi\u00f3n preventiva por el tiempo que dure el procedimiento. Permanecer\u00e1 interno en el Centro de Reinserci\u00f3n Social de Zihuatanejo de Azueta.<\/p>\n<p style=\"text-align: justify;\">CAPTURAN A RESPONSABLE DE LESIONES<\/p>\n<p>Fiscal\u00eda de Guerrero a trav\u00e9s de la Polic\u00eda Investigadora Ministerial de la Monta\u00f1a dio cumplimiento a la orden de aprehensi\u00f3n en contra de Antonio \u00abN\u00bb, detenido como probable responsable del delito de Lesiones Calificadas en la causa penal 10\/2015 en agravio de Hilario \u00abN\u00bb, quedando a disposici\u00f3n ante el Juez Mixto del Distrito Judicial de la Monta\u00f1a.<\/p>\n","protected":false},"excerpt":{"rendered":"<p>ACAPULCO, Gro. * 13 de abril de 2021. ] https:\/\/fiscaliaguerrero.gob.mx. El Ministerio P\u00fablico adscrito a Zihuatanejo de Azueta logr\u00f3 vinculaci\u00f3n a proceso en contra de Jorge de Jes\u00fas \u00abN\u00bb, al\u00edas \u00abEl Tocino\u00bb, como probable responsable del delito de Homicidio por arma de fuego (Doloso) en agravio de Ram\u00f3n \u00abN\u00bb. El imputado es se\u00f1alado de entregar&#8230;<\/p>\n","protected":false},"author":2,"featured_media":1224489,"comment_status":"closed","ping_status":"closed","sticky":false,"template":"","format":"standard","meta":{"footnotes":""},"categories":[18561,2005],"tags":[8682,10946,14737],"class_list":["post-1224482","post","type-post","status-publish","format-standard","has-post-thumbnail","hentry","category-society-politics","category-seguridad-y-justicia","tag-fiscalia-general-de-guerrero-fge","tag-jorge-zuriel-de-los-santos-barrila","tag-policia-ministerial-de-guerrero"],"_links":{"self":[{"href":"https:\/\/www.acapulcopress.com\/index.php\/wp-json\/wp\/v2\/posts\/1224482","targetHints":{"allow":["GET"]}}],"collection":[{"href":"https:\/\/www.acapulcopress.com\/index.php\/wp-json\/wp\/v2\/posts"}],"about":[{"href":"https:\/\/www.acapulcopress.com\/index.php\/wp-json\/wp\/v2\/types\/post"}],"author":[{"embeddable":true,"href":"https:\/\/www.acapulcopress.com\/index.php\/wp-json\/wp\/v2\/users\/2"}],"replies":[{"embeddable":true,"href":"https:\/\/www.acapulcopress.com\/index.php\/wp-json\/wp\/v2\/comments?post=1224482"}],"version-history":[{"count":0,"href":"https:\/\/www.acapulcopress.com\/index.php\/wp-json\/wp\/v2\/posts\/1224482\/revisions"}],"wp:featuredmedia":[{"embeddable":true,"href":"https:\/\/www.acapulcopress.com\/index.php\/wp-json\/"}],"wp:attachment":[{"href":"https:\/\/www.acapulcopress.com\/index.php\/wp-json\/wp\/v2\/media?parent=1224482"}],"wp:term":[{"taxonomy":"category","embeddable":true,"href":"https:\/\/www.acapulcopress.com\/index.php\/wp-json\/wp\/v2\/categories?post=1224482"},{"taxonomy":"post_tag","embeddable":true,"href":"https:\/\/www.acapulcopress.com\/index.php\/wp-json\/wp\/v2\/tags?post=1224482"}],"curies":[{"name":"wp","href":"https:\/\/api.w.org\/{rel}","templated":true}]}}