{"id":1224512,"date":"2021-04-13T20:07:00","date_gmt":"2021-04-14T01:07:00","guid":{"rendered":"https:\/\/www.acapulcopress.com\/?p=1224512"},"modified":"2021-04-13T20:07:00","modified_gmt":"2021-04-14T01:07:00","slug":"guerrero-avanza-de-acuerdo-a-lo-programado-respecto-a-la-vacunacion-contra-covid19","status":"publish","type":"post","link":"https:\/\/www.acapulcopress.com\/index.php\/2021\/04\/13\/guerrero-avanza-de-acuerdo-a-lo-programado-respecto-a-la-vacunacion-contra-covid19\/","title":{"rendered":"Guerrero avanza de acuerdo a lo programado respecto a la vacunaci\u00f3n contra Covid19"},"content":{"rendered":"<p style=\"text-align: justify;\">CHILPANCINGO. * 13 de abril de 2021.<br \/>\n<em>] Gobierno de Guerrero.<\/em><\/p>\n<p style=\"text-align: justify;\">En la transmisi\u00f3n 353 para dar a conocer la actualizaci\u00f3n del sem\u00e1foro epidemiol\u00f3gico, se inform\u00f3 que la aplicaci\u00f3n de la vacuna contra Covid-19 en los municipios de Guerrero avanza de acuerdo a lo establecido en la calendarizaci\u00f3n, <img loading=\"lazy\" decoding=\"async\" class=\"alignleft size-medium wp-image-1224516\" src=\"https:\/\/www.acapulco.press\/wp-content\/uploads\/2021\/04\/VACUNACION-GRO5-375x281.jpg\" alt=\"\" width=\"375\" height=\"281\" \/>y se hizo un llamado a la poblaci\u00f3n guerrerense a continuar con las medidas preventivas sanitarias ante el discreto incremento que se ha registrado en la hospitalizaci\u00f3n de pacientes por coronavirus.<\/p>\n<p style=\"text-align: justify;\">El secretario de Salud, Carlos de la Pe\u00f1a Pintos, acompa\u00f1ado de la directora de Comunicaci\u00f3n Social, Erika L\u00fchrs C\u00f3rtes, y con un enlace desde Coyuca de Ben\u00edtez con el Jefe de la Oficina del Gobernador, Alejandro Bravo Abarca, y del delegado del gobierno federal en el estado, Iv\u00e1n Hern\u00e1ndez D\u00edaz, dio a conocer que hasta el momento se han vacunado a m\u00e1s de 50 mil trabajadores del sector salud.<\/p>\n<p style=\"text-align: justify;\">Y se confirm\u00f3 que la vacunaci\u00f3n en la Costa Grande y Tierra <img loading=\"lazy\" decoding=\"async\" class=\"alignleft size-medium wp-image-1224514\" src=\"https:\/\/www.acapulco.press\/wp-content\/uploads\/2021\/04\/VACUNACION-GRO2-375x281.jpg\" alt=\"\" width=\"375\" height=\"281\" \/>Caliente iniciar\u00e1 el pr\u00f3ximo jueves 15 de abril, donde se aplicar\u00e1 la Cansino, que es de una sola dosis.<\/p>\n<p style=\"text-align: justify;\">Por lo que el recorrido que realizan por la Costa Grande los funcionarios estatal y federal tiene como prop\u00f3sito establecer toda la log\u00edstica para que la aplicaci\u00f3n de las vacunas se realice en orden.<\/p>\n<p style=\"text-align: justify;\">Entre los centros de vacunaci\u00f3n supervisados por Alejandro Bravo e Iv\u00e1n Hern\u00e1ndez, destacan la Unidad Deportiva y las instalaciones de la escuela primaria Hermenegildo Galeana de Tecpan de Galeana.<\/p>\n<p style=\"text-align: justify;\">Asimismo, se explic\u00f3 que en Chilpancingo se realiza la <img loading=\"lazy\" decoding=\"async\" class=\"alignleft size-medium wp-image-1224513\" src=\"https:\/\/www.acapulco.press\/wp-content\/uploads\/2021\/04\/VACUNACION-GRO-375x281.jpg\" alt=\"\" width=\"375\" height=\"281\" \/>vacunaci\u00f3n en 14 macropuntos de manera ordenada y sin contratiempos, y llamaron a las y los adultos mayores a que acudan alimentados e hidratados y en compa\u00f1\u00eda de una persona.<\/p>\n<p style=\"text-align: justify;\">El secretario de Salud se\u00f1al\u00f3 que en el estado hay 38 mil 474 casos confirmados acumulados, 4 mil 175 defunciones, 529 casos activos y 73 nuevos casos positivos.<\/p>\n<p style=\"text-align: justify;\">Se tiene, dijo, un promedio de 8 defunciones por d\u00eda en el mes de abril y, en el porcentaje de hospitalizaci\u00f3n se tiene en 23 por ciento en pacientes intubados y no intubados.<\/p>\n<p style=\"text-align: justify;\">La directora de Comunicaci\u00f3n Social, Erika L\u00fchrs C\u00f3rtes, llam\u00f3 a la poblaci\u00f3n de Chilpancingo a que acuda al mismo lugar donde le pusieron la primera dosis de la vacuna, \u00ables pedimos por favor que no dejen de usar su cubrebocas y que si alguien junto a usted no lo lleva puesto, le pida respetuosamente que se lo ponga, para evitar la propagaci\u00f3n del Covid-19\u00bb.<\/p>\n","protected":false},"excerpt":{"rendered":"<p>CHILPANCINGO. * 13 de abril de 2021. ] Gobierno de Guerrero. En la transmisi\u00f3n 353 para dar a conocer la actualizaci\u00f3n del sem\u00e1foro epidemiol\u00f3gico, se inform\u00f3 que la aplicaci\u00f3n de la vacuna contra Covid-19 en los municipios de Guerrero avanza de acuerdo a lo establecido en la calendarizaci\u00f3n, y se hizo un llamado a la&#8230;<\/p>\n","protected":false},"author":2,"featured_media":1224515,"comment_status":"closed","ping_status":"closed","sticky":false,"template":"","format":"standard","meta":{"footnotes":""},"categories":[2019],"tags":[5185,6695,8040,9302],"class_list":["post-1224512","post","type-post","status-publish","format-standard","has-post-thumbnail","hentry","category-popular-news","tag-carlos-de-la-pena-pintos","tag-covi19","tag-erika-luhrs-cortes","tag-gobierno-de-guerrero"],"_links":{"self":[{"href":"https:\/\/www.acapulcopress.com\/index.php\/wp-json\/wp\/v2\/posts\/1224512","targetHints":{"allow":["GET"]}}],"collection":[{"href":"https:\/\/www.acapulcopress.com\/index.php\/wp-json\/wp\/v2\/posts"}],"about":[{"href":"https:\/\/www.acapulcopress.com\/index.php\/wp-json\/wp\/v2\/types\/post"}],"author":[{"embeddable":true,"href":"https:\/\/www.acapulcopress.com\/index.php\/wp-json\/wp\/v2\/users\/2"}],"replies":[{"embeddable":true,"href":"https:\/\/www.acapulcopress.com\/index.php\/wp-json\/wp\/v2\/comments?post=1224512"}],"version-history":[{"count":0,"href":"https:\/\/www.acapulcopress.com\/index.php\/wp-json\/wp\/v2\/posts\/1224512\/revisions"}],"wp:featuredmedia":[{"embeddable":true,"href":"https:\/\/www.acapulcopress.com\/index.php\/wp-json\/"}],"wp:attachment":[{"href":"https:\/\/www.acapulcopress.com\/index.php\/wp-json\/wp\/v2\/media?parent=1224512"}],"wp:term":[{"taxonomy":"category","embeddable":true,"href":"https:\/\/www.acapulcopress.com\/index.php\/wp-json\/wp\/v2\/categories?post=1224512"},{"taxonomy":"post_tag","embeddable":true,"href":"https:\/\/www.acapulcopress.com\/index.php\/wp-json\/wp\/v2\/tags?post=1224512"}],"curies":[{"name":"wp","href":"https:\/\/api.w.org\/{rel}","templated":true}]}}