{"id":1224576,"date":"2021-04-14T10:57:59","date_gmt":"2021-04-14T15:57:59","guid":{"rendered":"https:\/\/www.acapulcopress.com\/?p=1224576"},"modified":"2021-04-14T10:57:59","modified_gmt":"2021-04-14T15:57:59","slug":"amlo-propone-a-tribunal-electoral-realizar-encuesta-telefonica-para-deliberar-caso-felix-salgado","status":"publish","type":"post","link":"https:\/\/www.acapulcopress.com\/index.php\/2021\/04\/14\/amlo-propone-a-tribunal-electoral-realizar-encuesta-telefonica-para-deliberar-caso-felix-salgado\/","title":{"rendered":"AMLO propone a Tribunal Electoral realizar encuesta telef\u00f3nica para deliberar caso F\u00e9lix Salgado"},"content":{"rendered":"<p style=\"text-align: justify;\">PALACIO NACIONAL. * 14 de abril de 2021.<br \/>\n<em>] <a href=\"https:\/\/www.elfinanciero.com.mx\/nacional\/2021\/04\/14\/amlo-propone-encuesta-telefonica-para-resolver-caso-salgado-macedonio\/\" target=\"_blank\" rel=\"noopener\">El Financiero<\/a><\/em>.<\/p>\n<p style=\"text-align: justify;\">El presidente Andr\u00e9s Manuel L\u00f3pez Obrador propuso este mi\u00e9rcoles que el Tribunal Electoral del Poder Judicial de la Federaci\u00f3n (TEPJF) realice encuestas telef\u00f3nicas en Guerrero y Michoac\u00e1n para definir las candidaturas de F\u00e9lix Salgado Macedonio y Ra\u00fal Mor\u00f3n.<\/p>\n<p style=\"text-align: justify;\">\u201cHay que esperar a que lo resuelva el Tribunal. Ser\u00eda muy sencillo, ahora que hay sistemas de call center, que hoy y ma\u00f1ana, como una empresa especializada, cierren encuesta en Guerrero y le preguntaran a todos: \u00bfquieres que participe este candidato o no? \u00bfse le acepta el registro o no? Y hacer lo mismo en Michoac\u00e1n\u201d, sostuvo AMLO en la \u2018ma\u00f1anera\u2019.<\/p>\n<p style=\"text-align: justify;\">Adem\u00e1s, el mandatario consider\u00f3 que la decisi\u00f3n del INE es una expresi\u00f3n de fobia y totalmente antidemocr\u00e1tica. \u201cEstoy seguro de que la gente participar\u00e1, aun los que no van a votar por ellos\u201d, agreg\u00f3.<\/p>\n<p style=\"text-align: justify;\">Ayer por la noche, el Consejo General del Instituto Nacional Electoral (INE) aprob\u00f3 negarles el registro a los morenistas, debido a que no presentaron sus informes de gastos de precampa\u00f1a.<\/p>\n<p style=\"text-align: justify;\">Tras la decisi\u00f3n, el organismo le puso un plazo de 48 horas a Morena para sustituir a su candidato al Ejecutivo guerrerense.<\/p>\n<p style=\"text-align: justify;\">En tanto, F\u00e9lix Salgado Macedonio asegur\u00f3 que impugnar\u00e1 la decisi\u00f3n tomada por el instituto de negarle la candidatura al gobierno de Guerrero.<\/p>\n","protected":false},"excerpt":{"rendered":"<p>PALACIO NACIONAL. * 14 de abril de 2021. ] El Financiero. El presidente Andr\u00e9s Manuel L\u00f3pez Obrador propuso este mi\u00e9rcoles que el Tribunal Electoral del Poder Judicial de la Federaci\u00f3n (TEPJF) realice encuestas telef\u00f3nicas en Guerrero y Michoac\u00e1n para definir las candidaturas de F\u00e9lix Salgado Macedonio y Ra\u00fal Mor\u00f3n. \u201cHay que esperar a que lo&#8230;<\/p>\n","protected":false},"author":2,"featured_media":1224581,"comment_status":"closed","ping_status":"closed","sticky":false,"template":"","format":"standard","meta":{"footnotes":""},"categories":[2052,2053,1972,18561],"tags":[3793,8467,17391],"class_list":["post-1224576","post","type-post","status-publish","format-standard","has-post-thumbnail","hentry","category-elecciones","category-elecciones-special","category-special","category-society-politics","tag-amlo","tag-felix-salgado-macedonio","tag-tribunal-electoral-del-poder-judicial-de-la-federacion-tepjf"],"_links":{"self":[{"href":"https:\/\/www.acapulcopress.com\/index.php\/wp-json\/wp\/v2\/posts\/1224576","targetHints":{"allow":["GET"]}}],"collection":[{"href":"https:\/\/www.acapulcopress.com\/index.php\/wp-json\/wp\/v2\/posts"}],"about":[{"href":"https:\/\/www.acapulcopress.com\/index.php\/wp-json\/wp\/v2\/types\/post"}],"author":[{"embeddable":true,"href":"https:\/\/www.acapulcopress.com\/index.php\/wp-json\/wp\/v2\/users\/2"}],"replies":[{"embeddable":true,"href":"https:\/\/www.acapulcopress.com\/index.php\/wp-json\/wp\/v2\/comments?post=1224576"}],"version-history":[{"count":0,"href":"https:\/\/www.acapulcopress.com\/index.php\/wp-json\/wp\/v2\/posts\/1224576\/revisions"}],"wp:featuredmedia":[{"embeddable":true,"href":"https:\/\/www.acapulcopress.com\/index.php\/wp-json\/"}],"wp:attachment":[{"href":"https:\/\/www.acapulcopress.com\/index.php\/wp-json\/wp\/v2\/media?parent=1224576"}],"wp:term":[{"taxonomy":"category","embeddable":true,"href":"https:\/\/www.acapulcopress.com\/index.php\/wp-json\/wp\/v2\/categories?post=1224576"},{"taxonomy":"post_tag","embeddable":true,"href":"https:\/\/www.acapulcopress.com\/index.php\/wp-json\/wp\/v2\/tags?post=1224576"}],"curies":[{"name":"wp","href":"https:\/\/api.w.org\/{rel}","templated":true}]}}