{"id":1224584,"date":"2021-04-14T20:08:18","date_gmt":"2021-04-15T01:08:18","guid":{"rendered":"https:\/\/www.acapulcopress.com\/?p=1224584"},"modified":"2021-04-14T20:08:18","modified_gmt":"2021-04-15T01:08:18","slug":"por-privacion-de-la-libertad-y-robo-captura-fge-2-individuos-uno-en-chilapa-otro-en-san-marcos","status":"publish","type":"post","link":"https:\/\/www.acapulcopress.com\/index.php\/2021\/04\/14\/por-privacion-de-la-libertad-y-robo-captura-fge-2-individuos-uno-en-chilapa-otro-en-san-marcos\/","title":{"rendered":"Por privaci\u00f3n de la libertad y robo captura FGE 2 individuos; uno en Chilapa, otro en San Marcos"},"content":{"rendered":"<p style=\"text-align: justify;\">CHILPANCINGO. * 14 de abril de 2021.<br \/>\n<em>] <a href=\"https:\/\/fiscaliaguerrero.gob.mx\" target=\"_blank\" rel=\"noopener\">https:\/\/fiscaliaguerrero.gob.mx<\/a>.<\/em><\/p>\n<p style=\"text-align: justify;\">Fiscal\u00eda de Guerrero a trav\u00e9s de la Polic\u00eda Investigadora Ministerial Zona Norte dio cumplimiento a la orden de <img loading=\"lazy\" decoding=\"async\" class=\"alignleft size-medium wp-image-1224585\" src=\"https:\/\/www.acapulco.press\/wp-content\/uploads\/2021\/04\/FGE-EDREY-375x375.jpg\" alt=\"\" width=\"375\" height=\"375\" \/>aprehensi\u00f3n en contra de quien dijo llamarse Juan \u00abN\u00bb, detenido en carretera estatal Iguala-Huitzuco, colonia Rancho del Cura en Iguala de la Independencia, como probable responsable del delito Privaci\u00f3n de la Libertad Personal, quedando a disposici\u00f3n del Juez del Distrito Judicial de \u00c1lvarez, con sede en Chilapa de \u00c1lvarez.<\/p>\n<p style=\"text-align: justify;\">En otro caso,\u00a0 la Polic\u00eda Investigadora Ministerial de San Marcos, regi\u00f3n Costa Chica, dio cumplimiento a la orden de aprehensi\u00f3n en contra de quien dijo llamarse Edrey \u00abN\u00bb como probable responsable del delito de Robo Calificado en agravio de empresa cervecera, hechos en la causa penal 063-11\/2013, quedando a disposici\u00f3n del Juez de Primera Instancia Penal del Distrito Judicial de Abasolo.<\/p>\n","protected":false},"excerpt":{"rendered":"<p>CHILPANCINGO. * 14 de abril de 2021. ] https:\/\/fiscaliaguerrero.gob.mx. Fiscal\u00eda de Guerrero a trav\u00e9s de la Polic\u00eda Investigadora Ministerial Zona Norte dio cumplimiento a la orden de aprehensi\u00f3n en contra de quien dijo llamarse Juan \u00abN\u00bb, detenido en carretera estatal Iguala-Huitzuco, colonia Rancho del Cura en Iguala de la Independencia, como probable responsable del delito&#8230;<\/p>\n","protected":false},"author":2,"featured_media":1224586,"comment_status":"closed","ping_status":"closed","sticky":false,"template":"","format":"standard","meta":{"footnotes":""},"categories":[18561,2005],"tags":[8682,10946,14737],"class_list":["post-1224584","post","type-post","status-publish","format-standard","has-post-thumbnail","hentry","category-society-politics","category-seguridad-y-justicia","tag-fiscalia-general-de-guerrero-fge","tag-jorge-zuriel-de-los-santos-barrila","tag-policia-ministerial-de-guerrero"],"_links":{"self":[{"href":"https:\/\/www.acapulcopress.com\/index.php\/wp-json\/wp\/v2\/posts\/1224584","targetHints":{"allow":["GET"]}}],"collection":[{"href":"https:\/\/www.acapulcopress.com\/index.php\/wp-json\/wp\/v2\/posts"}],"about":[{"href":"https:\/\/www.acapulcopress.com\/index.php\/wp-json\/wp\/v2\/types\/post"}],"author":[{"embeddable":true,"href":"https:\/\/www.acapulcopress.com\/index.php\/wp-json\/wp\/v2\/users\/2"}],"replies":[{"embeddable":true,"href":"https:\/\/www.acapulcopress.com\/index.php\/wp-json\/wp\/v2\/comments?post=1224584"}],"version-history":[{"count":0,"href":"https:\/\/www.acapulcopress.com\/index.php\/wp-json\/wp\/v2\/posts\/1224584\/revisions"}],"wp:featuredmedia":[{"embeddable":true,"href":"https:\/\/www.acapulcopress.com\/index.php\/wp-json\/"}],"wp:attachment":[{"href":"https:\/\/www.acapulcopress.com\/index.php\/wp-json\/wp\/v2\/media?parent=1224584"}],"wp:term":[{"taxonomy":"category","embeddable":true,"href":"https:\/\/www.acapulcopress.com\/index.php\/wp-json\/wp\/v2\/categories?post=1224584"},{"taxonomy":"post_tag","embeddable":true,"href":"https:\/\/www.acapulcopress.com\/index.php\/wp-json\/wp\/v2\/tags?post=1224584"}],"curies":[{"name":"wp","href":"https:\/\/api.w.org\/{rel}","templated":true}]}}