{"id":1224592,"date":"2021-04-14T20:33:11","date_gmt":"2021-04-15T01:33:11","guid":{"rendered":"https:\/\/www.acapulcopress.com\/?p=1224592"},"modified":"2021-04-14T20:33:11","modified_gmt":"2021-04-15T01:33:11","slug":"candidato-del-pri-denuncia-a-felix-en-fgr-por-motin-y-amenazas-a-consejeros-del-ine","status":"publish","type":"post","link":"https:\/\/www.acapulcopress.com\/index.php\/2021\/04\/14\/candidato-del-pri-denuncia-a-felix-en-fgr-por-motin-y-amenazas-a-consejeros-del-ine\/","title":{"rendered":"Candidato del PRI denuncia a #F\u00e9lix en FGR por mot\u00edn y amenazas a consejeros del INE"},"content":{"rendered":"<p style=\"text-align: justify;\">CIUDAD DE M\u00c9XICO. * 14 de abril de 2021.<br \/>\n<em>] <a href=\"https:\/\/www.proceso.com.mx\/nacional\/2021\/4\/14\/candidato-del-pri-sale-en-defensa-del-ine-presenta-denuncia-contra-salgado-macedonio-261994.html\" target=\"_blank\" rel=\"noopener\">Apro<\/a>.<\/em><\/p>\n<p style=\"text-align: justify;\">Sa\u00fal Alan Rosas Alvarado, candidato del PRI a diputado local por el distrito 26 de la Ciudad de M\u00e9xico, present\u00f3 una denuncia ante la Fiscal\u00eda General de la Rep\u00fablica (FGR) en contra de F\u00e9lix Salgado Macedonio, excandidato de Morena al gobierno de Guerrero, por el presunto delito de mot\u00edn y amenazas a los consejeros del Instituto Nacional Electoral (INE).<\/p>\n<p style=\"text-align: justify;\">Este mi\u00e9rcoles el priista entreg\u00f3 un escrito a la FGR, y como pruebas anex\u00f3 el discurso emitido por el senador con licencia afuera del INE, cuando estuvo acompa\u00f1ado del dirigente de Morena, Mario Delgado, as\u00ed como mensajes a trav\u00e9s de redes sociales y entrevistas.<\/p>\n<p style=\"text-align: justify;\">El pasado lunes 12, Salgado Macedonio amenaz\u00f3 a los consejeros electorales y a su presidente, Lorenzo C\u00f3rdova, con ir a sus domicilios en caso de que confirmaran la cancelaci\u00f3n de su registro para contender por la gubernatura de Guerrero.<\/p>\n<p style=\"text-align: justify;\">\u00abLos vamos a hallar, los vamos a buscar y vamos a ir a ver a C\u00f3rdova. \u00bfNo le gustar\u00eda al pueblo de M\u00e9xico saber d\u00f3nde vive Lorenzo C\u00f3rdova? \u00bfSi les gustar\u00eda saber c\u00f3mo est\u00e1 su casita de l\u00e1mina negra, que cuando llueve gotea y moja su cuerpo? Cabroncito\u00bb, lanz\u00f3 ese d\u00eda, luego de colocar frente al INE una corona f\u00fanebre y un ata\u00fad para simbolizar \u2013dijo&#8211; la muerte del \u00f3rgano electoral.<\/p>\n<p style=\"text-align: justify;\">La noche del viernes 9, el TEPJF determin\u00f3 regresar al INE los expedientes de F\u00e9lix Salgado Macedonio y Ra\u00fal Mor\u00f3n, candidato a la gubernatura de Michoac\u00e1n, para que emitiera nuevas resoluciones sobre los aspirantes de Morena.<\/p>\n<p style=\"text-align: justify;\">A pesar de las amenazas, finalmente, en la cesi\u00f3n de ayer, los consejeros del INE confirmaron la anulaci\u00f3n del registro de ambos por no presentar sus informes de gastos de precampa\u00f1a, a pesar de recibir notificaciones para que lo hicieran.<\/p>\n<p style=\"text-align: justify;\">El candidato a la diputaci\u00f3n por el distrito de la alcald\u00eda de Coyoac\u00e1n, Rosas Alvarado, quien record\u00f3 que Salgado Macedonio tambi\u00e9n tiene denuncias por violaci\u00f3n sexual, se\u00f1al\u00f3 en su denuncia:<\/p>\n<p style=\"text-align: justify;\">\u201cVivimos en un pa\u00eds en el que se aplica la ley por violar una normativa electoral, pero no se aplica la ley por violar a una mujer, y es importante y le pedimos a la Fiscal\u00eda General de la Rep\u00fablica, el d\u00eda de hoy, que al igual que el Instituto Nacional Electoral ha llevado a cabo sus funciones aut\u00f3nomas, ellos tambi\u00e9n realicen las funciones de investigaci\u00f3n por las amenazas que el ciudadano F\u00e9lix Salgado Macedonio lanz\u00f3 en contra de los siete consejeros electorales\u201d.<\/p>\n<p style=\"text-align: justify;\">Explic\u00f3 que en este caso aplica el presunto delito de mot\u00edn contemplado en el art\u00edculo 131 del C\u00f3digo Penal Federal, que establece: \u201cSe aplicar\u00e1 de seis meses a siete a\u00f1os de prisi\u00f3n, y multa hasta de cinco mil pesos, a quienes por hacer uso de su derecho o pretextando su ejercicio para evitar el cumplimiento de la ley, se re\u00fanan tumultuariamente y perturben el orden p\u00fablico con empleo de violencia en las personas o sobre las cosas, o amenacen a la autoridad para intimidarla u obligarla a tomar alguna determinaci\u00f3n\u201d.<\/p>\n<p style=\"text-align: justify;\">El priista reflexion\u00f3: \u201cMe parece que la resoluci\u00f3n del Instituto Nacional Electoral es correcta, ya que nos pone a pensar a los mexicanos \u00bfqu\u00e9 pasar\u00eda si una persona que no se puede auto gobernar tuviera que gobernar a 3.5 millones de personas?<\/p>\n<p style=\"text-align: justify;\">\u201cAyer el INE nos dio una muestra de autonom\u00eda a todos y nosotros le mandamos un mensaje: los mexicanos estamos con ustedes\u201d, concluy\u00f3.<\/p>\n<p><code><iframe loading=\"lazy\" style=\"border: none; overflow: hidden;\" src=\"https:\/\/www.facebook.com\/plugins\/video.php?height=314&amp;href=https%3A%2F%2Fwww.facebook.com%2Fangelblanco.press%2Fvideos%2F2863221653938491%2F&amp;show_text=false&amp;width=560\" width=\"560\" height=\"314\" frameborder=\"0\" scrolling=\"no\" allowfullscreen=\"allowfullscreen\"><\/iframe><\/code><\/p>\n","protected":false},"excerpt":{"rendered":"<p>CIUDAD DE M\u00c9XICO. * 14 de abril de 2021. ] Apro. Sa\u00fal Alan Rosas Alvarado, candidato del PRI a diputado local por el distrito 26 de la Ciudad de M\u00e9xico, present\u00f3 una denuncia ante la Fiscal\u00eda General de la Rep\u00fablica (FGR) en contra de F\u00e9lix Salgado Macedonio, excandidato de Morena al gobierno de Guerrero, por&#8230;<\/p>\n","protected":false},"author":2,"featured_media":1224593,"comment_status":"closed","ping_status":"closed","sticky":false,"template":"","format":"standard","meta":{"footnotes":""},"categories":[1969],"tags":[8467,10133,13297,14914,16082],"class_list":["post-1224592","post","type-post","status-publish","format-standard","has-post-thumbnail","hentry","category-trending","tag-felix-salgado-macedonio","tag-ine","tag-morena","tag-pri","tag-saul-alan-rosas-alvarado"],"_links":{"self":[{"href":"https:\/\/www.acapulcopress.com\/index.php\/wp-json\/wp\/v2\/posts\/1224592","targetHints":{"allow":["GET"]}}],"collection":[{"href":"https:\/\/www.acapulcopress.com\/index.php\/wp-json\/wp\/v2\/posts"}],"about":[{"href":"https:\/\/www.acapulcopress.com\/index.php\/wp-json\/wp\/v2\/types\/post"}],"author":[{"embeddable":true,"href":"https:\/\/www.acapulcopress.com\/index.php\/wp-json\/wp\/v2\/users\/2"}],"replies":[{"embeddable":true,"href":"https:\/\/www.acapulcopress.com\/index.php\/wp-json\/wp\/v2\/comments?post=1224592"}],"version-history":[{"count":0,"href":"https:\/\/www.acapulcopress.com\/index.php\/wp-json\/wp\/v2\/posts\/1224592\/revisions"}],"wp:featuredmedia":[{"embeddable":true,"href":"https:\/\/www.acapulcopress.com\/index.php\/wp-json\/"}],"wp:attachment":[{"href":"https:\/\/www.acapulcopress.com\/index.php\/wp-json\/wp\/v2\/media?parent=1224592"}],"wp:term":[{"taxonomy":"category","embeddable":true,"href":"https:\/\/www.acapulcopress.com\/index.php\/wp-json\/wp\/v2\/categories?post=1224592"},{"taxonomy":"post_tag","embeddable":true,"href":"https:\/\/www.acapulcopress.com\/index.php\/wp-json\/wp\/v2\/tags?post=1224592"}],"curies":[{"name":"wp","href":"https:\/\/api.w.org\/{rel}","templated":true}]}}