{"id":1224599,"date":"2021-04-14T21:33:30","date_gmt":"2021-04-15T02:33:30","guid":{"rendered":"https:\/\/www.acapulcopress.com\/?p=1224599"},"modified":"2021-04-14T21:33:30","modified_gmt":"2021-04-15T02:33:30","slug":"prd-guerrero-pide-al-presidente-sacar-las-manos-del-proceso-electoral","status":"publish","type":"post","link":"https:\/\/www.acapulcopress.com\/index.php\/2021\/04\/14\/prd-guerrero-pide-al-presidente-sacar-las-manos-del-proceso-electoral\/","title":{"rendered":"PRD Guerrero pide al Presidente \u201csacar las manos\u201d del proceso electoral"},"content":{"rendered":"<p style=\"text-align: justify;\">\u00bb <strong>Alina Navarrete<\/strong> \/ <em>Corresponsal.<\/em><br \/>\nCHILPANCINGO. * 14 de abril de 2021.<br \/>\n<em>]<a href=\"https:\/\/latinus.us\/2021\/04\/14\/prd-guerrero-pide-ejecutivo-sacar-manos-proceso-electoral\/\" target=\"_blank\" rel=\"noopener\"> Latinus<\/a>.<\/em><\/p>\n<p style=\"text-align: justify;\">El dirigente estatal del PRD en Guerrero, Alberto Catal\u00e1n Bastida, pidi\u00f3 al presidente Andr\u00e9s Manuel L\u00f3pez Obrador que \u201crespete los procesos electorales, que saque las manos de ah\u00ed, que evite pronunciarse\u201d sobre el caso de F\u00e9lix Salgado Macedonio, cuya candidatura a la gubernatura fue cancelada por el Instituto Nacional Electoral (INE).<\/p>\n<p style=\"text-align: justify;\">Alberto Catal\u00e1n acudi\u00f3 la tarde de este mi\u00e9rcoles a la sede de la Fiscal\u00eda Estatal de Delitos Electorales, donde la candidata de la alianza formada por el PRD, PRI y PAN a la diputaci\u00f3n federal por el distrito 4 de Acapulco, Sheila Soto Manzano, present\u00f3 una denuncia en contra de su contrincante Pablo Am\u00edlcar Sandoval Ballesteros, quien representa a Morena, por \u201cactos intimidatorios\u201d.<\/p>\n<p style=\"text-align: justify;\">Asegur\u00f3 que la falta de candidato de Morena en Guerrero se debe a las omisiones de F\u00e9lix Salgado para cumplir con la ley. \u201cQuiz\u00e1s no es culpa del candidato, pero pues muestran la incompetencia de los \u00f3rganos internos del partido\u201d, se\u00f1al\u00f3.<\/p>\n<p style=\"text-align: justify;\">Asegur\u00f3 que \u201ca nosotros no nos afecta ni nos perjudica ni nos beneficia\u201d, porque contin\u00faan con la campa\u00f1a de Mario Moreno Arcos, el candidato de la coalici\u00f3n PRI-PRD. \u201cSimplemente pedimos el cumplimiento de la ley, eso no va a hacer que cambie nuestra estrategia, no va a hacer que cambie\u201d.<\/p>\n<p style=\"text-align: justify;\">Sobre las \u00faltimas declaraciones del presidente Andr\u00e9s Manuel L\u00f3pez, Alberto Catal\u00e1n asegur\u00f3 que el titular del Ejecutivo Federal viola el pacto por la democracia, lo cual \u201ces algo il\u00f3gico, el presidente es algo com\u00fan y normal en \u00e9l que un d\u00eda dice una cosa, al otro d\u00eda pide otra cosa y hace otra cosa\u201d.<\/p>\n<p style=\"text-align: justify;\">Acus\u00f3 a los diputados locales de Morena, particularmente al presidente de la Junta de Coordinaci\u00f3n Pol\u00edtica, Alfredo S\u00e1nchez Esquivel, de \u201cusar\u201d al Congreso del estado para defender a F\u00e9lix Salgado, por lo que llam\u00f3 a todos los morenistas a evitar esta pr\u00e1ctica y no ser \u201cporristas ni matraqueros del candidato\u201d, porque \u201cuna vez m\u00e1s qued\u00f3 demostrado que la ley es la cerca que el \u2018Toro\u2019 no pudo saltar\u201d.<\/p>\n<p style=\"text-align: justify;\">Por su parte, Sheila Soto acus\u00f3 a Pablo Am\u00edlcar Sandoval de intimidar a su equipo de campa\u00f1a porque ella es la mejor posicionada para la diputaci\u00f3n federal y pidi\u00f3 a las autoridades medidas cautelares, para poder desarrollar su campa\u00f1a. As\u00ed como que los hechos se vinculen con violencia pol\u00edtica de g\u00e9nero.<\/p>\n","protected":false},"excerpt":{"rendered":"<p>\u00bb Alina Navarrete \/ Corresponsal. CHILPANCINGO. * 14 de abril de 2021. ] Latinus. El dirigente estatal del PRD en Guerrero, Alberto Catal\u00e1n Bastida, pidi\u00f3 al presidente Andr\u00e9s Manuel L\u00f3pez Obrador que \u201crespete los procesos electorales, que saque las manos de ah\u00ed, que evite pronunciarse\u201d sobre el caso de F\u00e9lix Salgado Macedonio, cuya candidatura a&#8230;<\/p>\n","protected":false},"author":2,"featured_media":1224603,"comment_status":"closed","ping_status":"closed","sticky":false,"template":"","format":"standard","meta":{"footnotes":""},"categories":[2052,18561],"tags":[3461,3896,8467,14122,14806,16594],"class_list":["post-1224599","post","type-post","status-publish","format-standard","has-post-thumbnail","hentry","category-elecciones","category-society-politics","tag-alberto-catalan-bastida","tag-andres-manuel-lopez-obrador","tag-felix-salgado-macedonio","tag-pablo-amilcar-sandoval","tag-prd-guerrero","tag-sheila-soto"],"_links":{"self":[{"href":"https:\/\/www.acapulcopress.com\/index.php\/wp-json\/wp\/v2\/posts\/1224599","targetHints":{"allow":["GET"]}}],"collection":[{"href":"https:\/\/www.acapulcopress.com\/index.php\/wp-json\/wp\/v2\/posts"}],"about":[{"href":"https:\/\/www.acapulcopress.com\/index.php\/wp-json\/wp\/v2\/types\/post"}],"author":[{"embeddable":true,"href":"https:\/\/www.acapulcopress.com\/index.php\/wp-json\/wp\/v2\/users\/2"}],"replies":[{"embeddable":true,"href":"https:\/\/www.acapulcopress.com\/index.php\/wp-json\/wp\/v2\/comments?post=1224599"}],"version-history":[{"count":0,"href":"https:\/\/www.acapulcopress.com\/index.php\/wp-json\/wp\/v2\/posts\/1224599\/revisions"}],"wp:featuredmedia":[{"embeddable":true,"href":"https:\/\/www.acapulcopress.com\/index.php\/wp-json\/"}],"wp:attachment":[{"href":"https:\/\/www.acapulcopress.com\/index.php\/wp-json\/wp\/v2\/media?parent=1224599"}],"wp:term":[{"taxonomy":"category","embeddable":true,"href":"https:\/\/www.acapulcopress.com\/index.php\/wp-json\/wp\/v2\/categories?post=1224599"},{"taxonomy":"post_tag","embeddable":true,"href":"https:\/\/www.acapulcopress.com\/index.php\/wp-json\/wp\/v2\/tags?post=1224599"}],"curies":[{"name":"wp","href":"https:\/\/api.w.org\/{rel}","templated":true}]}}