{"id":1224609,"date":"2021-04-14T22:20:01","date_gmt":"2021-04-15T03:20:01","guid":{"rendered":"https:\/\/www.acapulcopress.com\/?p=1224609"},"modified":"2021-04-14T22:20:01","modified_gmt":"2021-04-15T03:20:01","slug":"trabajaremos-en-una-ruta-academica-y-de-unidad-alfredo-romero-olea","status":"publish","type":"post","link":"https:\/\/www.acapulcopress.com\/index.php\/2021\/04\/14\/trabajaremos-en-una-ruta-academica-y-de-unidad-alfredo-romero-olea\/","title":{"rendered":"\u201cTrabajaremos en una ruta acad\u00e9mica y de unidad\u201d | Alfredo Romero Olea"},"content":{"rendered":"<p style=\"text-align: justify;\">CHILPANCINGO. * 14 de abril de 2021.<br \/>\n<em>] UAGro.<\/em><\/p>\n<p style=\"text-align: justify;\">El rector de la Universidad Aut\u00f3noma de Guerrero (UAGro), Jos\u00e9 Alfredo Romero Olea, tom\u00f3 protesta a los <img loading=\"lazy\" decoding=\"async\" class=\"alignleft size-medium wp-image-1224611\" src=\"https:\/\/www.acapulco.press\/wp-content\/uploads\/2021\/04\/UAGRO-R1-375x261.jpg\" alt=\"\" width=\"375\" height=\"261\" \/>directores y jefes de \u00e1rea de la Direcci\u00f3n General de Recursos Humanos; la Coordinaci\u00f3n General de Educaci\u00f3n Virtual y a la Comisi\u00f3n Mixta Paritaria de Admisi\u00f3n y Promoci\u00f3n.<\/p>\n<p style=\"text-align: justify;\">En su mensaje, el rector de la m\u00e1xima casa de estudios ratific\u00f3 que en este periodo \u201ctenemos muchas cosas por trabajar, si bien es corto el tiempo estamos comprometidos a mantener una ruta acad\u00e9mica y de unidad institucional\u201d.<\/p>\n<p style=\"text-align: justify;\">Reunidos en las instalaciones de la Rector\u00eda, Romero Olea tom\u00f3 protesta a la Coordinaci\u00f3n de Educaci\u00f3n Virtual a quien le reconoci\u00f3 el \u201ctrabajo que han realizado para sacar adelante las clases virtuales en tiempos de pandemia\u201d.<\/p>\n<p style=\"text-align: justify;\"><img loading=\"lazy\" decoding=\"async\" class=\"alignleft size-medium wp-image-1224612\" src=\"https:\/\/www.acapulco.press\/wp-content\/uploads\/2021\/04\/UAGRO-RI.2-375x250.jpg\" alt=\"\" width=\"375\" height=\"250\" \/>Dijo que crear la Universidad Virtual fue un acierto futurista de su antecesor, el Dr. Javier Salda\u00f1a Almaz\u00e1n, que ahora \u201cnos han ayudado mucho a dar continuidad al Plan Acad\u00e9mico y no dejar sin clases a nuestros estudiantes\u201d.<\/p>\n<p style=\"text-align: justify;\">Romero Olea tambi\u00e9n destac\u00f3 que la Universidad Virtual es reconocida por el gobernador, H\u00e9ctor Astudillo Flores y por autoridades a nivel nacional como uno de los proyectos de la UAGro m\u00e1s productivos y eficaces en este \u00faltimo a\u00f1o marcado por el covid-19.<\/p>\n<p style=\"text-align: justify;\">Por otra parte, el rector de la UAGro tambi\u00e9n tom\u00f3 protesta los directores y jefes de \u00e1rea de la Direcci\u00f3n General de Recursos Humanos y a la Comisi\u00f3n Mixta Paritaria de Admisi\u00f3n y Promoci\u00f3n. Romero Olea agradeci\u00f3 la confianza de los universitarios y los convoc\u00f3 a seguir trabajando en un ambiente de unidad y responsabilidad con la m\u00e1xima casa de estudios.<\/p>\n","protected":false},"excerpt":{"rendered":"<p>CHILPANCINGO. * 14 de abril de 2021. ] UAGro. El rector de la Universidad Aut\u00f3noma de Guerrero (UAGro), Jos\u00e9 Alfredo Romero Olea, tom\u00f3 protesta a los directores y jefes de \u00e1rea de la Direcci\u00f3n General de Recursos Humanos; la Coordinaci\u00f3n General de Educaci\u00f3n Virtual y a la Comisi\u00f3n Mixta Paritaria de Admisi\u00f3n y Promoci\u00f3n. En&#8230;<\/p>\n","protected":false},"author":2,"featured_media":1224610,"comment_status":"closed","ping_status":"closed","sticky":false,"template":"","format":"standard","meta":{"footnotes":""},"categories":[18561],"tags":[10980,17610],"class_list":["post-1224609","post","type-post","status-publish","format-standard","has-post-thumbnail","hentry","category-society-politics","tag-jose-alfredo-romero-olea","tag-universidad-autonoma-de-guerrero-uagro"],"_links":{"self":[{"href":"https:\/\/www.acapulcopress.com\/index.php\/wp-json\/wp\/v2\/posts\/1224609","targetHints":{"allow":["GET"]}}],"collection":[{"href":"https:\/\/www.acapulcopress.com\/index.php\/wp-json\/wp\/v2\/posts"}],"about":[{"href":"https:\/\/www.acapulcopress.com\/index.php\/wp-json\/wp\/v2\/types\/post"}],"author":[{"embeddable":true,"href":"https:\/\/www.acapulcopress.com\/index.php\/wp-json\/wp\/v2\/users\/2"}],"replies":[{"embeddable":true,"href":"https:\/\/www.acapulcopress.com\/index.php\/wp-json\/wp\/v2\/comments?post=1224609"}],"version-history":[{"count":0,"href":"https:\/\/www.acapulcopress.com\/index.php\/wp-json\/wp\/v2\/posts\/1224609\/revisions"}],"wp:featuredmedia":[{"embeddable":true,"href":"https:\/\/www.acapulcopress.com\/index.php\/wp-json\/"}],"wp:attachment":[{"href":"https:\/\/www.acapulcopress.com\/index.php\/wp-json\/wp\/v2\/media?parent=1224609"}],"wp:term":[{"taxonomy":"category","embeddable":true,"href":"https:\/\/www.acapulcopress.com\/index.php\/wp-json\/wp\/v2\/categories?post=1224609"},{"taxonomy":"post_tag","embeddable":true,"href":"https:\/\/www.acapulcopress.com\/index.php\/wp-json\/wp\/v2\/tags?post=1224609"}],"curies":[{"name":"wp","href":"https:\/\/api.w.org\/{rel}","templated":true}]}}