{"id":1224620,"date":"2021-04-14T22:57:40","date_gmt":"2021-04-15T03:57:40","guid":{"rendered":"https:\/\/www.acapulcopress.com\/?p=1224620"},"modified":"2021-04-14T22:57:40","modified_gmt":"2021-04-15T03:57:40","slug":"basta-que-a-guerrero-se-le-siga-viendo-como-una-entidad-conflictiva-mario-moreno","status":"publish","type":"post","link":"https:\/\/www.acapulcopress.com\/index.php\/2021\/04\/14\/basta-que-a-guerrero-se-le-siga-viendo-como-una-entidad-conflictiva-mario-moreno\/","title":{"rendered":"Basta que a Guerrero se le siga viendo como una entidad conflictiva | Mario Moreno"},"content":{"rendered":"<p style=\"text-align: justify;\">CIUDAD DE M\u00c9XICO. * 14 de abril de 2021.<br \/>\n<em>] Especial.<\/em><\/p>\n<p style=\"text-align: justify;\">Tras se\u00f1alar que lo m\u00e1s importante para Guerrero en estos momentos es cu\u00e1les son las propuestas y los proyectos que pueden echarse andar en la pr\u00f3xima administraci\u00f3n que les permita a las familias recobrar el rumbo, reactivar su econom\u00eda, <a href=\"https:\/\/www.facebook.com\/MorenoArcosMario\" target=\"_blank\" rel=\"noopener\">Mario Moreno Arcos<\/a> dijo que ya basta del tema de Guerrero conflictivo o una persona en la boleta o no.<\/p>\n<p style=\"text-align: justify;\">Entrevistado en MVS Noticias M\u00e9xico, el abanderado de la coalici\u00f3n PRI-PRD, dijo que ya basta que a Guerrero se le <img loading=\"lazy\" decoding=\"async\" class=\"alignleft size-medium wp-image-1224621\" src=\"https:\/\/www.acapulco.press\/wp-content\/uploads\/2021\/04\/MARIO-MORENO-2-375x501.jpg\" alt=\"\" width=\"375\" height=\"501\" \/>identifique por desavenencias o inclusive solo por actos medi\u00e1ticos, pues record\u00f3 que esta entidad ha jugado un papel importante en la historia del pa\u00eds y est\u00e1 integrada por hombres y mujeres de trabajo, de lucha, de entrega y no solo por quienes quieren imponer su voluntad trastocando las leyes.<\/p>\n<p style=\"text-align: justify;\">Dijo que en su caso, su campa\u00f1a est\u00e1 enfocada precisamente en escuchar a la gente, a ras de piso, y conocer de sus necesidades as\u00ed como la problem\u00e1tica que enfrentan para en su caso, buscar cu\u00e1les son las alternativas m\u00e1s viables para solucionar los pendientes.<\/p>\n<p style=\"text-align: justify;\">Coment\u00f3 que dada la experiencia que ha acumulado durante sus m\u00e1s de 25 a\u00f1os de trabajo pol\u00edtico, muy cerca de la gente, siempre, \u201che aprendido que lo m\u00e1s importante del servicio p\u00fablico es cumplirle a la poblaci\u00f3n. Eso he aprendido en mi trabajo y me ha funcionado muy bien, por ello he ganado seis elecciones, porque me he ganado la confianza de la ciudadan\u00eda\u201d.<\/p>\n<p style=\"text-align: justify;\">Sobre el 6 de junio, se dijo seguro de alcanzar el \u00e9xito porque ha ido avanzando paso a paso y ganando adeptos, adem\u00e1s de ir subiendo en las encuestas y eso lo alienta para seguir esforz\u00e1ndose para llegar a todos los rincones del estado y que los hombres y mujeres de esta entidad, conozcan el proyecto que enarbola la alianza Va por Guerrero que est\u00e1 proyectada para beneficiarlos.<\/p>\n<p style=\"text-align: justify;\">Por ello insisti\u00f3 en que es m\u00e1s importante hablar de los proyectos y las necesidades de Guerrero, pues al final el objetivo es cumplirle a todos ellos, se\u00f1al\u00f3 finalmente con respeto, como el que exigimos que se le d\u00e9 a nuestra entidad.<\/p>\n","protected":false},"excerpt":{"rendered":"<p>CIUDAD DE M\u00c9XICO. * 14 de abril de 2021. ] Especial. Tras se\u00f1alar que lo m\u00e1s importante para Guerrero en estos momentos es cu\u00e1les son las propuestas y los proyectos que pueden echarse andar en la pr\u00f3xima administraci\u00f3n que les permita a las familias recobrar el rumbo, reactivar su econom\u00eda, Mario Moreno Arcos dijo que&#8230;<\/p>\n","protected":false},"author":2,"featured_media":1224627,"comment_status":"closed","ping_status":"closed","sticky":false,"template":"","format":"standard","meta":{"footnotes":""},"categories":[2052,18561],"tags":[12685],"class_list":["post-1224620","post","type-post","status-publish","format-standard","has-post-thumbnail","hentry","category-elecciones","category-society-politics","tag-mario-moreno-arcos"],"_links":{"self":[{"href":"https:\/\/www.acapulcopress.com\/index.php\/wp-json\/wp\/v2\/posts\/1224620","targetHints":{"allow":["GET"]}}],"collection":[{"href":"https:\/\/www.acapulcopress.com\/index.php\/wp-json\/wp\/v2\/posts"}],"about":[{"href":"https:\/\/www.acapulcopress.com\/index.php\/wp-json\/wp\/v2\/types\/post"}],"author":[{"embeddable":true,"href":"https:\/\/www.acapulcopress.com\/index.php\/wp-json\/wp\/v2\/users\/2"}],"replies":[{"embeddable":true,"href":"https:\/\/www.acapulcopress.com\/index.php\/wp-json\/wp\/v2\/comments?post=1224620"}],"version-history":[{"count":0,"href":"https:\/\/www.acapulcopress.com\/index.php\/wp-json\/wp\/v2\/posts\/1224620\/revisions"}],"wp:featuredmedia":[{"embeddable":true,"href":"https:\/\/www.acapulcopress.com\/index.php\/wp-json\/"}],"wp:attachment":[{"href":"https:\/\/www.acapulcopress.com\/index.php\/wp-json\/wp\/v2\/media?parent=1224620"}],"wp:term":[{"taxonomy":"category","embeddable":true,"href":"https:\/\/www.acapulcopress.com\/index.php\/wp-json\/wp\/v2\/categories?post=1224620"},{"taxonomy":"post_tag","embeddable":true,"href":"https:\/\/www.acapulcopress.com\/index.php\/wp-json\/wp\/v2\/tags?post=1224620"}],"curies":[{"name":"wp","href":"https:\/\/api.w.org\/{rel}","templated":true}]}}