{"id":1224629,"date":"2021-04-15T21:02:34","date_gmt":"2021-04-16T02:02:34","guid":{"rendered":"https:\/\/www.acapulcopress.com\/?p=1224629"},"modified":"2021-04-15T21:02:34","modified_gmt":"2021-04-16T02:02:34","slug":"angel-irra-avanza-pri-prd-en-chilpancingo","status":"publish","type":"post","link":"https:\/\/www.acapulcopress.com\/index.php\/2021\/04\/15\/angel-irra-avanza-pri-prd-en-chilpancingo\/","title":{"rendered":"\u00c1ngel Irra | Avanza PRI\/PRD en Chilpancingo"},"content":{"rendered":"<p style=\"text-align: justify;\">Un Rapid\u00edn<br \/>\n] Con <strong>\u00c1ngel Irra Carceda<\/strong>.<\/p>\n<p style=\"text-align: justify;\">Ahora que se enfrenta el riesgo de perder la Presidencia Municipal, dos pol\u00edticos j\u00f3venes que se han convertido en opci\u00f3n para la suma de votos en Chilpancingo a favor de Mario Moreno Arcos, candidato a la gubernatura por la <img loading=\"lazy\" decoding=\"async\" class=\"alignleft size-medium wp-image-1224631\" src=\"https:\/\/www.acapulco.press\/wp-content\/uploads\/2021\/04\/ANGEL-IRRA2-375x220.jpg\" alt=\"\" width=\"375\" height=\"220\" \/>alianza PRI-PRD, son C\u00e9sar Armenta Adame y Fernando Calixto Cuevas.<\/p>\n<p style=\"text-align: justify;\">En ese orden son candidatos al Congreso local por los distritos 02 y 01, cuya cabecera es, precisamente, Chilpancingo, en donde el Ayuntamiento ha resultado bastante cuestionado y es considerable el n\u00famero de ciudadanos que no votar\u00eda por la reelecci\u00f3n del alcalde Antonio Gaspar Beltr\u00e1n.<\/p>\n<p style=\"text-align: justify;\">C\u00e9sar Armenta y Fernando Calixto se siguen haciendo presentes en colonias y pueblos, cada quien con su muy particular estilo de hacer campa\u00f1a, acerc\u00e1ndose a la poblaci\u00f3n.<\/p>\n<p style=\"text-align: justify;\"><img loading=\"lazy\" decoding=\"async\" class=\"alignleft size-medium wp-image-1224630\" src=\"https:\/\/www.acapulco.press\/wp-content\/uploads\/2021\/04\/ANGEL-IRRA-375x250.jpg\" alt=\"\" width=\"375\" height=\"250\" \/>Ambos son muy conocidos en esta zona Centro. El primero ha centrado su proselitismo acudiendo directamente a los domicilios a plantear a las familias sus planes de trabajo, y el segundo encabeza encuentros con los ciudadanos, acumulando respaldo social.<\/p>\n<p style=\"text-align: justify;\">Palabras m\u00e1s o palabras menos, coinciden en que tienen el compromiso de \u201cconvencer para tener\u201d la confianza y el voto ciudadano para alcanzar la meta personal, pero adem\u00e1s para ayudar al candidato de la alianza PRI-PRD, Mario Moreno, a ganar la gubernatura.<\/p>\n<p style=\"text-align: justify;\">Y en el mismo contexto se ubica Beatriz V\u00e9lez N\u00fa\u00f1ez, candidata a la diputaci\u00f3n federal por este Distrito 07. Una mujer con car\u00e1cter, con experiencia en el escenario electoral y con probado respaldo social y gremial.<\/p>\n<p style=\"text-align: justify;\">En esta contienda igual representa la suma de sufragios para Mario Moreno Arcos, porque incluso cuenta con una vasta estructura pol\u00edtico electoral, lo que significa una gran ventaja ante sus oponentes.<\/p>\n<p style=\"text-align: justify;\">Cito solo a estos tres personajes, porque para su servidor la Presidencia Municipal de Chilpancingo se encuentra en la cuerda floja. La designaci\u00f3n de Antonio Gaspar como candidato a la Alcald\u00eda (para su reelecci\u00f3n, pues), ha generado des\u00e1nimo social.<\/p>\n<p style=\"text-align: justify;\">Pero la posibilidad de que lo cambien por otro perredista, como candidato a Alcald\u00eda, claro que est\u00e1 latente, porque simple y sencillamente sus padrinos pol\u00edticos no ajustaron bien la mira en este tiro.<\/p>\n","protected":false},"excerpt":{"rendered":"<p>Un Rapid\u00edn ] Con \u00c1ngel Irra Carceda. Ahora que se enfrenta el riesgo de perder la Presidencia Municipal, dos pol\u00edticos j\u00f3venes que se han convertido en opci\u00f3n para la suma de votos en Chilpancingo a favor de Mario Moreno Arcos, candidato a la gubernatura por la alianza PRI-PRD, son C\u00e9sar Armenta Adame y Fernando Calixto&#8230;<\/p>\n","protected":false},"author":2,"featured_media":1224632,"comment_status":"closed","ping_status":"closed","sticky":false,"template":"","format":"standard","meta":{"footnotes":""},"categories":[2071,1991],"tags":[3684,3938,4011,5618,8520,12685,17511],"class_list":["post-1224629","post","type-post","status-publish","format-standard","has-post-thumbnail","hentry","category-opinion-analisis-columnas","category-libertad-de-expresion","tag-alianza-pri-prd-guerrero-2021","tag-angel-irra-carceda","tag-antonio-gaspar-beltran","tag-cesar-armenta-adame","tag-fernando-calixto-cuevas","tag-mario-moreno-arcos","tag-un-rapidin"],"_links":{"self":[{"href":"https:\/\/www.acapulcopress.com\/index.php\/wp-json\/wp\/v2\/posts\/1224629","targetHints":{"allow":["GET"]}}],"collection":[{"href":"https:\/\/www.acapulcopress.com\/index.php\/wp-json\/wp\/v2\/posts"}],"about":[{"href":"https:\/\/www.acapulcopress.com\/index.php\/wp-json\/wp\/v2\/types\/post"}],"author":[{"embeddable":true,"href":"https:\/\/www.acapulcopress.com\/index.php\/wp-json\/wp\/v2\/users\/2"}],"replies":[{"embeddable":true,"href":"https:\/\/www.acapulcopress.com\/index.php\/wp-json\/wp\/v2\/comments?post=1224629"}],"version-history":[{"count":0,"href":"https:\/\/www.acapulcopress.com\/index.php\/wp-json\/wp\/v2\/posts\/1224629\/revisions"}],"wp:featuredmedia":[{"embeddable":true,"href":"https:\/\/www.acapulcopress.com\/index.php\/wp-json\/"}],"wp:attachment":[{"href":"https:\/\/www.acapulcopress.com\/index.php\/wp-json\/wp\/v2\/media?parent=1224629"}],"wp:term":[{"taxonomy":"category","embeddable":true,"href":"https:\/\/www.acapulcopress.com\/index.php\/wp-json\/wp\/v2\/categories?post=1224629"},{"taxonomy":"post_tag","embeddable":true,"href":"https:\/\/www.acapulcopress.com\/index.php\/wp-json\/wp\/v2\/tags?post=1224629"}],"curies":[{"name":"wp","href":"https:\/\/api.w.org\/{rel}","templated":true}]}}