{"id":1224639,"date":"2021-04-15T21:15:44","date_gmt":"2021-04-16T02:15:44","guid":{"rendered":"https:\/\/www.acapulcopress.com\/?p=1224639"},"modified":"2021-04-15T21:15:44","modified_gmt":"2021-04-16T02:15:44","slug":"marijose-sotelo-se-compromete-a-reactivar-sector-turistico-de-coyuca-y-el-acapulco-poniente","status":"publish","type":"post","link":"https:\/\/www.acapulcopress.com\/index.php\/2021\/04\/15\/marijose-sotelo-se-compromete-a-reactivar-sector-turistico-de-coyuca-y-el-acapulco-poniente\/","title":{"rendered":"Marijose Sotelo se compromete a reactivar sector tur\u00edstico de Coyuca y el Acapulco poniente"},"content":{"rendered":"<p style=\"text-align: justify;\">ACAPULCO. * 15 de abril de 2021.<br \/>\n<em>] Comunicado.<\/em><\/p>\n<p style=\"text-align: justify;\">La candidata a diputada local de<em> Fuerza por M\u00e9xico<\/em> por el Distrito 08, Marijose Sotelo, reafirm\u00f3 su compromiso con <img loading=\"lazy\" decoding=\"async\" class=\"alignleft size-medium wp-image-1224641\" src=\"https:\/\/www.acapulco.press\/wp-content\/uploads\/2021\/04\/Marijose-Sotelo-4-375x250.jpg\" alt=\"\" width=\"375\" height=\"250\" \/>los vecinos de San Nicol\u00e1s de las Playas para llegar con una voz con fuerza al congreso y reactivar la econom\u00eda del lugar.<\/p>\n<p style=\"text-align: justify;\">\u00abYo sab\u00eda que al estar aqu\u00ed parada enfrente de todos ustedes, era subir a un papel bastante importante. Yo estoy dispuesta a luchar por todas y todos ustedes, a ser una ciudadana m\u00e1s, porque estoy harta de que las cosas no pasen, por eso quiero llevar su voz al congreso para que se hagan las cosas bien y lo vamos a lograr\u00bb dijo la candidata.<\/p>\n<p style=\"text-align: justify;\">Dentro de su discurso Marijose Sotelo asegur\u00f3 que el distrito 08 comprende una zona tur\u00edstica bastante amplia, la cual ha <img loading=\"lazy\" decoding=\"async\" class=\"alignleft size-medium wp-image-1224640\" src=\"https:\/\/www.acapulco.press\/wp-content\/uploads\/2021\/04\/Marijose-Sotelo-y-Manuel-Negrete-375x563.jpg\" alt=\"\" width=\"375\" height=\"563\" \/>sido rezagada durante los \u00faltimos a\u00f1os, por lo que se pretende que toda la franja de arena tenga un turismo de calidad que se merecen los municipios de Acapulco y Coyuca.<\/p>\n<p style=\"text-align: justify;\">\u00abEstuvimos en Pie de la Cuesta, en la Barra de Coyuca y creo que es un lugar precioso para tener desarrollos importantes, tener unas propuestas interesantes para el municipio y poder reactivas a los prestadores de servicios es muy importante e interesante porque la mayor\u00eda del dinero se va para diamante y diferentes partes de Acapulco\u00bb, coment\u00f3 el candidato a Gobernador por el partido rosa, Manuel Negrete Arias, quien lo acompa\u00f1\u00f3 en una visita con vecinos.<\/p>\n<p style=\"text-align: justify;\">Por su parte, el candidato a Gobernador por el partido rosa, Manuel Negrete, afirm\u00f3 que el partido Fuerza por M\u00e9xico est\u00e1 apostando mucho por las mujeres, \u00aby sobre todo las mujeres luchonas, emprendedoras e inteligentes, porque est\u00e1n prepar\u00e1ndose para llegar al congreso\u00bb.<\/p>\n<p style=\"text-align: justify;\">Por \u00faltimo Marijose Sotelo confirm\u00f3 estar estar preparada para esta contienda electoral, ya que asegura que la voz con fuerza que necesitan los ciudadanos est\u00e1 en ella.<\/p>\n","protected":false},"excerpt":{"rendered":"<p>ACAPULCO. * 15 de abril de 2021. ] Comunicado. La candidata a diputada local de Fuerza por M\u00e9xico por el Distrito 08, Marijose Sotelo, reafirm\u00f3 su compromiso con los vecinos de San Nicol\u00e1s de las Playas para llegar con una voz con fuerza al congreso y reactivar la econom\u00eda del lugar. \u00abYo sab\u00eda que al&#8230;<\/p>\n","protected":false},"author":2,"featured_media":1224643,"comment_status":"closed","ping_status":"closed","sticky":false,"template":"","format":"standard","meta":{"footnotes":""},"categories":[2052,2053,1972,18561],"tags":[8985,12394,12648],"class_list":["post-1224639","post","type-post","status-publish","format-standard","has-post-thumbnail","hentry","category-elecciones","category-elecciones-special","category-special","category-society-politics","tag-fuerza-por-mexico","tag-manuel-negrete-arias","tag-marijose-sotelo-ocampo"],"_links":{"self":[{"href":"https:\/\/www.acapulcopress.com\/index.php\/wp-json\/wp\/v2\/posts\/1224639","targetHints":{"allow":["GET"]}}],"collection":[{"href":"https:\/\/www.acapulcopress.com\/index.php\/wp-json\/wp\/v2\/posts"}],"about":[{"href":"https:\/\/www.acapulcopress.com\/index.php\/wp-json\/wp\/v2\/types\/post"}],"author":[{"embeddable":true,"href":"https:\/\/www.acapulcopress.com\/index.php\/wp-json\/wp\/v2\/users\/2"}],"replies":[{"embeddable":true,"href":"https:\/\/www.acapulcopress.com\/index.php\/wp-json\/wp\/v2\/comments?post=1224639"}],"version-history":[{"count":0,"href":"https:\/\/www.acapulcopress.com\/index.php\/wp-json\/wp\/v2\/posts\/1224639\/revisions"}],"wp:featuredmedia":[{"embeddable":true,"href":"https:\/\/www.acapulcopress.com\/index.php\/wp-json\/"}],"wp:attachment":[{"href":"https:\/\/www.acapulcopress.com\/index.php\/wp-json\/wp\/v2\/media?parent=1224639"}],"wp:term":[{"taxonomy":"category","embeddable":true,"href":"https:\/\/www.acapulcopress.com\/index.php\/wp-json\/wp\/v2\/categories?post=1224639"},{"taxonomy":"post_tag","embeddable":true,"href":"https:\/\/www.acapulcopress.com\/index.php\/wp-json\/wp\/v2\/tags?post=1224639"}],"curies":[{"name":"wp","href":"https:\/\/api.w.org\/{rel}","templated":true}]}}