{"id":1224663,"date":"2021-04-15T22:36:58","date_gmt":"2021-04-16T03:36:58","guid":{"rendered":"https:\/\/www.acapulcopress.com\/?p=1224663"},"modified":"2021-04-15T22:36:58","modified_gmt":"2021-04-16T03:36:58","slug":"ernesto-rivera-ricardo-astudillo-de-cara-al-destino","status":"publish","type":"post","link":"https:\/\/www.acapulcopress.com\/index.php\/2021\/04\/15\/ernesto-rivera-ricardo-astudillo-de-cara-al-destino\/","title":{"rendered":"Ernesto Rivera | Ricardo Astudillo, de cara al destino"},"content":{"rendered":"<p style=\"text-align: justify;\"><em>Tercera V\u00eda<\/em><br \/>\n] <strong>Ernesto Rivera Rodr\u00edguez<\/strong>.<\/p>\n<p style=\"text-align: justify;\">En muchos aspectos existe hoy una generaci\u00f3n que no solamente viene desplazando c\u00f3digos pol\u00edticos sino marcando su propia ruta ascendente dentro de los paradigmas que los tutelan, en consonancia con los nuevos retos que afligen al mundo entero y a nuestra Sociedad en particular, la cual ha costado no solo decenas de miles de muertos y con ello el colapso del sistema de salud, econ\u00f3mico y trastocado los cimientos pol\u00edticos como los conoc\u00edamos y como nos dijeron que eran, irremplazables.<\/p>\n<p style=\"text-align: justify;\">M\u00e1s de dos a\u00f1os despu\u00e9s de rotos esos paradigmas pol\u00edticos que por arcaicos sufrieron su ca\u00edda generando nuevas espectativas y esperanzas que hoy no se han alineado con la realidad del d\u00eda a d\u00eda, ha abierto el terreno a nuevas metas para reindivicar lo que para muchos mexicanos y guerrerenses nos han arrebatado, certidumbre, credibilidad y esperanza&#8230; Que en el discurso y presencia de Ricardo Astudillo Calvo, no son solo demagogia sino la clara definici\u00f3n de generar cueste lo que cueste, pol\u00edticamente hablando una pol\u00edtica reindivicativa ante todo lo extraviado.<\/p>\n<p style=\"text-align: justify;\">Candidato de la alianza PRI-PRD al distrito 07 local de Acapulco, lucha por evitar ser llamado y se\u00f1alado por ser hijo de quien es, y caminar con luz propia, y desde la pol\u00edtica como la mejor herramienta para trabajar por el bien social, para unir a la gente de esta sociedad, que por momentos parece deshacerse como elemento liquido entre nuestras propias manos y de quienes dirigen esta sociedad atrapados en su propio discurso cuya resonancia solo ellos parecen escuchar.<\/p>\n<p style=\"text-align: justify;\">Ricardo Astudillo Calvo busca en su hacer diario encontrar las herramientas con las que se pueda corregir la exclusi\u00f3n social de la pol\u00edtica como arma para aglutinar las pol\u00edticas de desarrollo social y con ello asistir con programas las mejores condiciones para obtener mayor calidad de los servicios p\u00fablicos, eslab\u00f3n esencial con la vida cotidiana de los acapulque\u00f1os y como diputado de los guerrerenses.<\/p>\n<p style=\"text-align: justify;\">Frente a las amenazas innobles de \u00abevitar el proceso electoral\u00bb del pr\u00f3ximo 6 de Junio, de colapsar el proceso democr\u00e1tico en Guerrero, d\u00f3nde lo que se busca es obtener beneficios de manera chantajista, en exigencia de posiciones pol\u00edticas aberrantes que las propias instituciones electorales han desechado por m\u00faltiples y graves cuestionamientos que dichas autoridades han presentado con oportuna responsabilidad y acusociedad ante la sociedad, a lo que el candidato de la alianza PRI-PRD al distrito 07 local electoral Ricardo Astudillo Calvo ha resaltado el papel tan especial y la negaci\u00f3n de la perversa postura demag\u00f3gica de evitarlas, haciendo el llamado a la civilidad de participar, cuidar y enaltecer el proceso electoral del pr\u00f3ximo 6 de Junio, lo que obliga a marcar la diferencia, con propuestas a la altura de las circunstancias.<\/p>\n","protected":false},"excerpt":{"rendered":"<p>Tercera V\u00eda ] Ernesto Rivera Rodr\u00edguez. En muchos aspectos existe hoy una generaci\u00f3n que no solamente viene desplazando c\u00f3digos pol\u00edticos sino marcando su propia ruta ascendente dentro de los paradigmas que los tutelan, en consonancia con los nuevos retos que afligen al mundo entero y a nuestra Sociedad en particular, la cual ha costado no&#8230;<\/p>\n","protected":false},"author":2,"featured_media":1224664,"comment_status":"closed","ping_status":"closed","sticky":false,"template":"","format":"standard","meta":{"footnotes":""},"categories":[2071,1991],"tags":[8063,15571,17071],"class_list":["post-1224663","post","type-post","status-publish","format-standard","has-post-thumbnail","hentry","category-opinion-analisis-columnas","category-libertad-de-expresion","tag-ernesto-rivera-rodriguez","tag-ricardo-astudillo-calvo","tag-tercera-via"],"_links":{"self":[{"href":"https:\/\/www.acapulcopress.com\/index.php\/wp-json\/wp\/v2\/posts\/1224663","targetHints":{"allow":["GET"]}}],"collection":[{"href":"https:\/\/www.acapulcopress.com\/index.php\/wp-json\/wp\/v2\/posts"}],"about":[{"href":"https:\/\/www.acapulcopress.com\/index.php\/wp-json\/wp\/v2\/types\/post"}],"author":[{"embeddable":true,"href":"https:\/\/www.acapulcopress.com\/index.php\/wp-json\/wp\/v2\/users\/2"}],"replies":[{"embeddable":true,"href":"https:\/\/www.acapulcopress.com\/index.php\/wp-json\/wp\/v2\/comments?post=1224663"}],"version-history":[{"count":0,"href":"https:\/\/www.acapulcopress.com\/index.php\/wp-json\/wp\/v2\/posts\/1224663\/revisions"}],"wp:featuredmedia":[{"embeddable":true,"href":"https:\/\/www.acapulcopress.com\/index.php\/wp-json\/"}],"wp:attachment":[{"href":"https:\/\/www.acapulcopress.com\/index.php\/wp-json\/wp\/v2\/media?parent=1224663"}],"wp:term":[{"taxonomy":"category","embeddable":true,"href":"https:\/\/www.acapulcopress.com\/index.php\/wp-json\/wp\/v2\/categories?post=1224663"},{"taxonomy":"post_tag","embeddable":true,"href":"https:\/\/www.acapulcopress.com\/index.php\/wp-json\/wp\/v2\/tags?post=1224663"}],"curies":[{"name":"wp","href":"https:\/\/api.w.org\/{rel}","templated":true}]}}