{"id":1224670,"date":"2021-04-15T22:57:26","date_gmt":"2021-04-16T03:57:26","guid":{"rendered":"https:\/\/www.acapulcopress.com\/?p=1224670"},"modified":"2021-04-15T22:57:26","modified_gmt":"2021-04-16T03:57:26","slug":"siguen-las-adhesiones-a-mario-moreno-arcos","status":"publish","type":"post","link":"https:\/\/www.acapulcopress.com\/index.php\/2021\/04\/15\/siguen-las-adhesiones-a-mario-moreno-arcos\/","title":{"rendered":"\u00c1ngel Irra | Siguen las adhesiones a Mario Moreno Arcos"},"content":{"rendered":"<p style=\"text-align: justify;\"><em>Un Rapid\u00edn<\/em><br \/>\n] <strong>Con \u00c1ngel Irra Carceda.<\/strong><\/p>\n<p style=\"text-align: justify;\">Como ya lo dije, en el partido Movimiento de Regeneraci\u00f3n Nacional (Morena) contin\u00faan paralizados en Guerrero, mientras que sus contendientes avanzan.<\/p>\n<p style=\"text-align: justify;\"><img loading=\"lazy\" decoding=\"async\" class=\"alignleft size-medium wp-image-1224672\" src=\"https:\/\/www.acapulco.press\/wp-content\/uploads\/2021\/04\/JULIO-BERNAL-375x375.jpg\" alt=\"\" width=\"375\" height=\"375\" \/>Siguen aferrados y en espera de que a F\u00e9lix Salgado Macedonio le restituyan la candidatura a la gubernatura.<\/p>\n<p style=\"text-align: justify;\">Y, adem\u00e1s, por si eso fuera poco, los morenistas se debaten en una guerra intestina por las imposiciones de candidatos, sobre todo en lo que respecta a alcaldes y la conformaci\u00f3n de planillas a los ayuntamientos.<\/p>\n<p style=\"text-align: justify;\">De hecho, son los \u00fanicos que no est\u00e1n en campa\u00f1a hacia la elecci\u00f3n del pr\u00f3ximo seis de junio.<\/p>\n<p style=\"text-align: justify;\">No es un invento ni nada que se le parezca, les guste a no les guste. Su discapacidad pol\u00edtico electoral es obvia.<\/p>\n<p style=\"text-align: justify;\">El tranco de su principal contrincante, la alianza PRI-PRD, ya agarr\u00f3 m\u00e1s fuerza, con su candidato a la gubernatura, Mario Moreno Arcos, a la cabeza.<\/p>\n<p style=\"text-align: justify;\"><img loading=\"lazy\" decoding=\"async\" class=\"alignleft size-medium wp-image-1224671\" src=\"https:\/\/www.acapulco.press\/wp-content\/uploads\/2021\/04\/GABY-BERNAL-375x209.jpg\" alt=\"\" width=\"375\" height=\"209\" \/>Y este viernes en Acapulco continuar\u00e1 sumando adhesiones, en un evento previsto para las 17:30 horas en la Unidad Deportiva de la colonia Jard\u00edn Azteca, al poniente de esa ciudad porte\u00f1a.<\/p>\n<p style=\"text-align: justify;\">Ah\u00ed se sumar\u00e1n a la candidatura de Mario Moreno Arcos cientos de ciudadanos del Distrito electoral local 08, cuya candidata al Congreso es la priista Gabriela Bernal Res\u00e9ndiz.<\/p>\n<p style=\"text-align: justify;\">Ese Distrito electoral es de suma importancia, porque su padr\u00f3n es de aproximadamente 40 mil ciudadanos de 82 secciones electorales de esa zona de Acapulco y de Coyuca de Ben\u00edtez.<\/p>\n<p style=\"text-align: justify;\">Me informan que el principal art\u00edfice de esa importante adhesi\u00f3n a Mario Moreno Arcos, es el ex diputado local Julio C\u00e9sar Bernal Res\u00e9ndiz, ampliamente conocido en ese Distrito.<\/p>\n<p style=\"text-align: justify;\">Precisamente, me refuerzan el dato, Julio C\u00e9sar encabezar\u00e1 esa suma de votantes a favor de Mario Moreno, y de Gabriela Bernal.<\/p>\n","protected":false},"excerpt":{"rendered":"<p>Un Rapid\u00edn ] Con \u00c1ngel Irra Carceda. Como ya lo dije, en el partido Movimiento de Regeneraci\u00f3n Nacional (Morena) contin\u00faan paralizados en Guerrero, mientras que sus contendientes avanzan. Siguen aferrados y en espera de que a F\u00e9lix Salgado Macedonio le restituyan la candidatura a la gubernatura. Y, adem\u00e1s, por si eso fuera poco, los morenistas&#8230;<\/p>\n","protected":false},"author":2,"featured_media":1224673,"comment_status":"closed","ping_status":"closed","sticky":false,"template":"","format":"standard","meta":{"footnotes":""},"categories":[2071,1991],"tags":[3938,8467,9062,11324,12685,17511],"class_list":["post-1224670","post","type-post","status-publish","format-standard","has-post-thumbnail","hentry","category-opinion-analisis-columnas","category-libertad-de-expresion","tag-angel-irra-carceda","tag-felix-salgado-macedonio","tag-gabriela-bernal-resendiz","tag-julio-cesar-bernal-resendiz","tag-mario-moreno-arcos","tag-un-rapidin"],"_links":{"self":[{"href":"https:\/\/www.acapulcopress.com\/index.php\/wp-json\/wp\/v2\/posts\/1224670","targetHints":{"allow":["GET"]}}],"collection":[{"href":"https:\/\/www.acapulcopress.com\/index.php\/wp-json\/wp\/v2\/posts"}],"about":[{"href":"https:\/\/www.acapulcopress.com\/index.php\/wp-json\/wp\/v2\/types\/post"}],"author":[{"embeddable":true,"href":"https:\/\/www.acapulcopress.com\/index.php\/wp-json\/wp\/v2\/users\/2"}],"replies":[{"embeddable":true,"href":"https:\/\/www.acapulcopress.com\/index.php\/wp-json\/wp\/v2\/comments?post=1224670"}],"version-history":[{"count":0,"href":"https:\/\/www.acapulcopress.com\/index.php\/wp-json\/wp\/v2\/posts\/1224670\/revisions"}],"wp:featuredmedia":[{"embeddable":true,"href":"https:\/\/www.acapulcopress.com\/index.php\/wp-json\/"}],"wp:attachment":[{"href":"https:\/\/www.acapulcopress.com\/index.php\/wp-json\/wp\/v2\/media?parent=1224670"}],"wp:term":[{"taxonomy":"category","embeddable":true,"href":"https:\/\/www.acapulcopress.com\/index.php\/wp-json\/wp\/v2\/categories?post=1224670"},{"taxonomy":"post_tag","embeddable":true,"href":"https:\/\/www.acapulcopress.com\/index.php\/wp-json\/wp\/v2\/tags?post=1224670"}],"curies":[{"name":"wp","href":"https:\/\/api.w.org\/{rel}","templated":true}]}}