{"id":1224681,"date":"2021-04-15T23:36:30","date_gmt":"2021-04-16T04:36:30","guid":{"rendered":"https:\/\/www.acapulcopress.com\/?p=1224681"},"modified":"2021-04-15T23:36:30","modified_gmt":"2021-04-16T04:36:30","slug":"vacuna-anticovid-se-ha-aplicado-a-adultos-mayores-de-51-municipios-astudillo","status":"publish","type":"post","link":"https:\/\/www.acapulcopress.com\/index.php\/2021\/04\/15\/vacuna-anticovid-se-ha-aplicado-a-adultos-mayores-de-51-municipios-astudillo\/","title":{"rendered":"Vacuna antiCovid se ha aplicado a adultos mayores de 51 municipios | Astudillo"},"content":{"rendered":"<p style=\"text-align: justify;\"><img loading=\"lazy\" decoding=\"async\" class=\"alignnone wp-image-1224684 size-large\" src=\"https:\/\/www.acapulco.press\/wp-content\/uploads\/2021\/04\/Hector-Astudillo-Flores-1-840x559.jpg\" alt=\"\" width=\"840\" height=\"559\" \/><\/p>\n<p style=\"text-align: justify;\">COYUCA DE CATAL\u00c1N. * 15 de abril de 2021.<br \/>\n<em>] Gobierno de Guerrero.<\/em><\/p>\n<p style=\"text-align: justify;\">El gobernador H\u00e9ctor Astudillo Flores, junto al delegado federal de los programas sociales en Guerrero, Iv\u00e1n Hern\u00e1ndez D\u00edaz, supervis\u00f3 el arranque del operativo de la aplicaci\u00f3n de la vacuna contra el Covid-19 para adultos mayores de la Tierra Caliente, posteriormente, en la transmisi\u00f3n n\u00famero 355 celebr\u00f3 que este sea el d\u00eda en que m\u00e1s <img loading=\"lazy\" decoding=\"async\" class=\"alignleft size-medium wp-image-1224683\" src=\"https:\/\/www.acapulco.press\/wp-content\/uploads\/2021\/04\/covidgro2-375x211.jpg\" alt=\"\" width=\"375\" height=\"211\" \/>municipios se atienden de manera simult\u00e1nea en la entidad.<\/p>\n<p style=\"text-align: justify;\">El mandatario estatal puntualiz\u00f3 que este d\u00eda se avanza con la aplicaci\u00f3n de 22 mil 340 dosis de vacuna CanSino a adultos mayores de los municipios de Ajuchitl\u00e1n del Progreso, Coyuca de Catal\u00e1n, Cutzamala de Pinz\u00f3n, San Miguel Totolapan, Tlapehuala, Arcelia y Ciudad Altamirano, tambi\u00e9n se aplica la vacuna en la Costa Grande en Atoyac de \u00c1lvarez, Benito Ju\u00e1rez (San Jer\u00f3nimo), Coyuca de Ben\u00edtez, Petatl\u00e1n y Tecpan de Galeana.<\/p>\n<p style=\"text-align: justify;\">\u00abSe ha avanzado en 51 municipios y es importante destacar que hoy es el d\u00eda en que m\u00e1s municipios se abarcaron\u00bb, <img loading=\"lazy\" decoding=\"async\" class=\"alignleft size-medium wp-image-1224682\" src=\"https:\/\/www.acapulco.press\/wp-content\/uploads\/2021\/04\/covidgro-375x211.jpg\" alt=\"\" width=\"375\" height=\"211\" \/>agreg\u00f3.<\/p>\n<p style=\"text-align: justify;\">Reiter\u00f3 que el gobierno del estado es coadyuvante con el gobierno de M\u00e9xico que es quien lleva todo el operativo para inmunizar a adultos mayores y personal del sector salud.<\/p>\n<p style=\"text-align: justify;\">Refrend\u00f3 su agradecimiento al presidente Andr\u00e9s Manuel L\u00f3pez Obrador por el apoyo que ha brindado a las y los guerrerenses y tambi\u00e9n a la Sedena y Marina.<\/p>\n<p style=\"text-align: justify;\">A\u00f1adi\u00f3 que en el hospital Regional de Coyuca de Catal\u00e1n solo hay un hospitalizado por Covid-19, por ello la importancia de la vacuna ya que ayudar\u00e1 a prevenir los contagios, aunado al uso del cubrebocas y la sana distancia.<\/p>\n<p style=\"text-align: justify;\">En su intervenci\u00f3n, el delegado Federal de los Programas Sociales en Guerrero, Iv\u00e1n Hern\u00e1ndez D\u00edaz precis\u00f3 que en la Costa Chica y Chilpancingo se est\u00e1 aplicando la segunda dosis de Sinovac.<\/p>\n<p style=\"text-align: justify;\">Reconoci\u00f3 que con el gobernador H\u00e9ctor Astudillo Flores hay una extraordinaria coordinaci\u00f3n, igualmente con las autoridades municipales, las fuerzas federales y la Universidad Aut\u00f3noma de Guerrero, cuyos estudiantes con carreras afines al sector salud, han contribuido a llevar con \u00e9xito esta jornada de vacunaci\u00f3n.<\/p>\n<p style=\"text-align: justify;\">Anunci\u00f3 que a partir del 21 de abril se tiene programado iniciar la aplicaci\u00f3n de la vacuna CanSino a adultos mayores de los municipios de Ahuacotzingo, Chilapa de \u00c1lvarez, General Heliodoro Castillo, Juan R. Escudero, M\u00e1rtir de Cuilapan, Mochitl\u00e1n, Quechultenango, Zitlala, Acatepec y Jos\u00e9 Joaqu\u00edn de Herrera.<\/p>\n<p style=\"text-align: justify;\">Al presentar el informe t\u00e9cnico, el secretario de Salud, Carlos de la Pe\u00f1a Pintos, inform\u00f3 que al t\u00e9rmino de la jornada de esta semana se habr\u00e1 inmunizado al 63 por ciento de las personas mayores de 60 a\u00f1os del estado.<br \/>\nEn lo que va de la pandemia, se tienen 38 mil 685 casos confirmados acumulados, 4 mil 199 defunciones y 104 nuevos casos en las \u00faltimas horas y 607 casos activos.<\/p>\n<p style=\"text-align: justify;\">Respecto a la hospitalizaci\u00f3n, dijo que se cuenta con 163 pacientes internados, 17 de ellos estables, 121 graves y 25 intubados en estado cr\u00edtico, con un total de 119 defunciones en el mes de abril, con un promedio diario de 8.5 decesos.<\/p>\n<p style=\"text-align: justify;\">La ocupaci\u00f3n de camas es del 22 por ciento, 5 puntos porcentuales arriba de la media nacional, con una ocupaci\u00f3n de ventiladores del 11 por ciento, 9 puntos menos que la media nacional.<\/p>\n<p style=\"text-align: justify;\">A su vez, el comandante de la 35 zona militar, Miguel \u00c1ngel Aguirre Lara, se\u00f1al\u00f3 que en las instalaciones del 34 batall\u00f3n de Infanter\u00eda con sede en Ciudad Altamirano, se encuentra instalado un centro de vacunaci\u00f3n atendido por personal militar, exhortando a la poblaci\u00f3n del municipio a que acuda a recibir su vacuna.<\/p>\n<p style=\"text-align: justify;\">En esta transmisi\u00f3n tambi\u00e9n estuvieron el comandante del 34 batall\u00f3n de Infanter\u00eda, Juan Ram\u00f3n Corona Valencia; el jefe de la Oficina del Ejecutivo, Alejandro Bravo Abarca; el jefe de la Jurisdicci\u00f3n Sanitaria 01 con sede en Tierra Caliente, Enrique Robles Romero.<\/p>\n","protected":false},"excerpt":{"rendered":"<p>COYUCA DE CATAL\u00c1N. * 15 de abril de 2021. ] Gobierno de Guerrero. El gobernador H\u00e9ctor Astudillo Flores, junto al delegado federal de los programas sociales en Guerrero, Iv\u00e1n Hern\u00e1ndez D\u00edaz, supervis\u00f3 el arranque del operativo de la aplicaci\u00f3n de la vacuna contra el Covid-19 para adultos mayores de la Tierra Caliente, posteriormente, en la&#8230;<\/p>\n","protected":false},"author":2,"featured_media":1224685,"comment_status":"closed","ping_status":"closed","sticky":false,"template":"","format":"standard","meta":{"footnotes":""},"categories":[18573,1983],"tags":[6705,9302,9705,12964,16421],"class_list":["post-1224681","post","type-post","status-publish","format-standard","has-post-thumbnail","hentry","category-goverment","category-guerrerogob","tag-covid19","tag-gobierno-de-guerrero","tag-hector-astudillo-flores","tag-mesa-de-coordinacion-para-la-construccion-de-la-paz","tag-semaforo-de-riesgo-covid19"],"_links":{"self":[{"href":"https:\/\/www.acapulcopress.com\/index.php\/wp-json\/wp\/v2\/posts\/1224681","targetHints":{"allow":["GET"]}}],"collection":[{"href":"https:\/\/www.acapulcopress.com\/index.php\/wp-json\/wp\/v2\/posts"}],"about":[{"href":"https:\/\/www.acapulcopress.com\/index.php\/wp-json\/wp\/v2\/types\/post"}],"author":[{"embeddable":true,"href":"https:\/\/www.acapulcopress.com\/index.php\/wp-json\/wp\/v2\/users\/2"}],"replies":[{"embeddable":true,"href":"https:\/\/www.acapulcopress.com\/index.php\/wp-json\/wp\/v2\/comments?post=1224681"}],"version-history":[{"count":0,"href":"https:\/\/www.acapulcopress.com\/index.php\/wp-json\/wp\/v2\/posts\/1224681\/revisions"}],"wp:featuredmedia":[{"embeddable":true,"href":"https:\/\/www.acapulcopress.com\/index.php\/wp-json\/"}],"wp:attachment":[{"href":"https:\/\/www.acapulcopress.com\/index.php\/wp-json\/wp\/v2\/media?parent=1224681"}],"wp:term":[{"taxonomy":"category","embeddable":true,"href":"https:\/\/www.acapulcopress.com\/index.php\/wp-json\/wp\/v2\/categories?post=1224681"},{"taxonomy":"post_tag","embeddable":true,"href":"https:\/\/www.acapulcopress.com\/index.php\/wp-json\/wp\/v2\/tags?post=1224681"}],"curies":[{"name":"wp","href":"https:\/\/api.w.org\/{rel}","templated":true}]}}