{"id":1224691,"date":"2021-04-15T23:51:31","date_gmt":"2021-04-16T04:51:31","guid":{"rendered":"https:\/\/www.acapulcopress.com\/?p=1224691"},"modified":"2021-04-15T23:51:31","modified_gmt":"2021-04-16T04:51:31","slug":"llegan-a-mexico-987-mil-500-dosis-para-continuar-plan-nacional-de-vacunacion-contra-covid19","status":"publish","type":"post","link":"https:\/\/www.acapulcopress.com\/index.php\/2021\/04\/15\/llegan-a-mexico-987-mil-500-dosis-para-continuar-plan-nacional-de-vacunacion-contra-covid19\/","title":{"rendered":"Llegan a M\u00e9xico 987 mil 500 dosis para continuar Plan Nacional de Vacunaci\u00f3n Covid19"},"content":{"rendered":"<p style=\"text-align: justify;\">PALACIO NACIONAL. * 15 de abril de 2021.<br \/>\n<em>] Gobierno de M\u00e9xico.<\/em><\/p>\n<p style=\"text-align: justify;\">El presidente Andr\u00e9s Manuel L\u00f3pez Obrador celebr\u00f3 la llegada de dos nuevos embarques de vacunas contra COVID-19 a la Ciudad de M\u00e9xico.<\/p>\n<p style=\"text-align: justify;\"><img loading=\"lazy\" decoding=\"async\" class=\"alignleft size-medium wp-image-1224709\" src=\"https:\/\/www.acapulco.press\/wp-content\/uploads\/2021\/04\/vacunas-covid-mexico-3-375x251.jpg\" alt=\"\" width=\"375\" height=\"251\" \/>Esta ma\u00f1ana, en el Aeropuerto Internacional Benito Ju\u00e1rez, el director de Laboratorios de Biol\u00f3gicos y Reactivos de M\u00e9xico (Birmex), Pedro Zenteno Santaella, inform\u00f3 sobre el arribo de 500 mil dosis de la vacuna SinoVac y 487 mil 500 de Pfizer BioNTech.<\/p>\n<p style=\"text-align: justify;\">Con estas 987 mil 500, M\u00e9xico ha recibido en total 17 millones 888 mil 350 dosis de las vacunas Cansino, Sputnik V, Sinovac, AstraZeneca y Pfizer.<\/p>\n<p style=\"text-align: justify;\">El jefe del Ejecutivo resalt\u00f3 en conferencia de prensa matutina que las 32 entidades federativas ya cuentan con las <img loading=\"lazy\" decoding=\"async\" class=\"alignleft size-medium wp-image-1224708\" src=\"https:\/\/www.acapulco.press\/wp-content\/uploads\/2021\/04\/vacunas-covid-mexico-2-375x250.jpg\" alt=\"\" width=\"375\" height=\"250\" \/>dosis necesarias para terminar la vacunaci\u00f3n a adultos mayores durante el mes de abril.<\/p>\n<p style=\"text-align: justify;\">\u00abEstas vacunas se van a utilizar para iniciar la vacunaci\u00f3n de segunda dosis y comenzar tambi\u00e9n la vacunaci\u00f3n de 50 a 59 a\u00f1os. La vacuna que se va a aplicar a los maestros ya se tiene\u201d, precis\u00f3.<\/p>\n<p style=\"text-align: justify;\">Adelant\u00f3 que el pr\u00f3ximo viernes dar\u00e1 a conocer detalles de la aplicaci\u00f3n de vacunas a maestras y maestros de escuelas p\u00fablicas y privadas para regresar, de manera voluntaria, a clases presenciales en el actual ciclo escolar.<\/p>\n<p style=\"text-align: justify;\">\u201cAl mismo tiempo que terminemos de vacunar a adultos mayores vamos a estar vacunando a todos los maestros y los trabajadores de la educaci\u00f3n del pa\u00eds \u00bfcon qu\u00e9 prop\u00f3sito? que se pueda tener clases presenciales antes de que concluya el ciclo escolar. Pero aclaro una cosa tambi\u00e9n: es voluntario. Nada por la fuerza, todo por la raz\u00f3n y el derecho. (\u2026) Aqu\u00ed tiene que ser por voluntad y tiene que ser cada quien actuando de manera responsable\u201d, subray\u00f3.<\/p>\n","protected":false},"excerpt":{"rendered":"<p>PALACIO NACIONAL. * 15 de abril de 2021. ] Gobierno de M\u00e9xico. El presidente Andr\u00e9s Manuel L\u00f3pez Obrador celebr\u00f3 la llegada de dos nuevos embarques de vacunas contra COVID-19 a la Ciudad de M\u00e9xico. Esta ma\u00f1ana, en el Aeropuerto Internacional Benito Ju\u00e1rez, el director de Laboratorios de Biol\u00f3gicos y Reactivos de M\u00e9xico (Birmex), Pedro Zenteno&#8230;<\/p>\n","protected":false},"author":2,"featured_media":1224710,"comment_status":"closed","ping_status":"closed","sticky":false,"template":"","format":"standard","meta":{"footnotes":""},"categories":[1969],"tags":[3793,9310,17746],"class_list":["post-1224691","post","type-post","status-publish","format-standard","has-post-thumbnail","hentry","category-trending","tag-amlo","tag-gobierno-de-mexico","tag-vacunas-covid19"],"_links":{"self":[{"href":"https:\/\/www.acapulcopress.com\/index.php\/wp-json\/wp\/v2\/posts\/1224691","targetHints":{"allow":["GET"]}}],"collection":[{"href":"https:\/\/www.acapulcopress.com\/index.php\/wp-json\/wp\/v2\/posts"}],"about":[{"href":"https:\/\/www.acapulcopress.com\/index.php\/wp-json\/wp\/v2\/types\/post"}],"author":[{"embeddable":true,"href":"https:\/\/www.acapulcopress.com\/index.php\/wp-json\/wp\/v2\/users\/2"}],"replies":[{"embeddable":true,"href":"https:\/\/www.acapulcopress.com\/index.php\/wp-json\/wp\/v2\/comments?post=1224691"}],"version-history":[{"count":0,"href":"https:\/\/www.acapulcopress.com\/index.php\/wp-json\/wp\/v2\/posts\/1224691\/revisions"}],"wp:featuredmedia":[{"embeddable":true,"href":"https:\/\/www.acapulcopress.com\/index.php\/wp-json\/"}],"wp:attachment":[{"href":"https:\/\/www.acapulcopress.com\/index.php\/wp-json\/wp\/v2\/media?parent=1224691"}],"wp:term":[{"taxonomy":"category","embeddable":true,"href":"https:\/\/www.acapulcopress.com\/index.php\/wp-json\/wp\/v2\/categories?post=1224691"},{"taxonomy":"post_tag","embeddable":true,"href":"https:\/\/www.acapulcopress.com\/index.php\/wp-json\/wp\/v2\/tags?post=1224691"}],"curies":[{"name":"wp","href":"https:\/\/api.w.org\/{rel}","templated":true}]}}