{"id":1224713,"date":"2021-04-16T00:16:55","date_gmt":"2021-04-16T05:16:55","guid":{"rendered":"https:\/\/www.acapulcopress.com\/?p=1224713"},"modified":"2021-04-16T00:16:55","modified_gmt":"2021-04-16T05:16:55","slug":"frida-sofia-emprendera-acciones-legales-contra-su-abuelo-enrique-guzmans","status":"publish","type":"post","link":"https:\/\/www.acapulcopress.com\/index.php\/2021\/04\/16\/frida-sofia-emprendera-acciones-legales-contra-su-abuelo-enrique-guzmans\/","title":{"rendered":"Frida Sof\u00eda emprender\u00e1 acciones legales contra su abuelo, Enrique Guzm\u00e1n"},"content":{"rendered":"<p style=\"text-align: justify;\">CIUDAD DE M\u00c9XICO. * 15 de abril de 2021.<br \/>\n<em>] <a href=\"https:\/\/apnews.com\/article\/espect-culos-686e7c0a18e89c78ede465123f831690\" target=\"_blank\" rel=\"noopener\">AP<\/a>.<\/em><\/p>\n<p style=\"text-align: justify;\">Una semana despu\u00e9s de asegurar que habr\u00eda sufrido abusos por parte de su abuelo Enrique Guzm\u00e1n, la cantante Frida Sof\u00eda anunci\u00f3 el jueves que emprender\u00e1 acciones legales.<\/p>\n<p style=\"text-align: justify;\">En una publicaci\u00f3n de Instagram, la hija de la cantante Alejandra Guzm\u00e1n dijo que ser\u00e1 representada por el despacho mexicano de abogados Ol\u00e9a &amp; Ol\u00e9a.<\/p>\n<p style=\"text-align: justify;\">\u201cCon el inigualable apoyo de mi familia y amigos, he tomado la decisi\u00f3n de iniciar acciones legales en contra de diversas personas por hechos que son del conocimiento p\u00fablico\u201d, dijo. \u201cSolicito atentamente a las autoridades correspondientes conduzcan las investigaciones que correspondan\u201d.<\/p>\n<p style=\"text-align: justify;\">The Associated Press contact\u00f3 al despacho de los abogados el jueves para conocer m\u00e1s detalles, aunque se\u00f1alaron que de momento no dar\u00edan declaraciones.<\/p>\n<p style=\"text-align: justify;\">La joven agradeci\u00f3 el apoyo que ha recibido y pidi\u00f3 ayuda a personas que hubiesen sido sus profesores, psic\u00f3logos o hubiesen trabajado en su casa para ponerse en contacto con ella.<\/p>\n<p style=\"text-align: justify;\">Frida Sof\u00eda, de 29 a\u00f1os, es hija de la estrella pop-rock Alejandra Guzm\u00e1n y el empresario Pablo Moctezuma.<\/p>\n<p style=\"text-align: justify;\">Enrique Guzm\u00e1n ha rechazado rotundamente, en redes sociales y en entrevistas, las acusaciones de Frida Sof\u00eda.<\/p>\n<p style=\"text-align: justify;\">La AP no suele identificar a personas que dicen haber sido v\u00edctimas de violencia sexual a menos que \u00e9stas lo hayan autorizado o se hayan pronunciado p\u00fablicamente, como es el caso de Frida Sof\u00eda.<\/p>\n<p style=\"text-align: justify;\">Guzm\u00e1n, de 78 a\u00f1os, es un \u00eddolo del rock and roll mexicano. Comenz\u00f3 su carrera a los 14 a\u00f1os con<em> Los Teen Tops<\/em> y protagoniz\u00f3 pel\u00edculas como \u201cMi vida es una canci\u00f3n\u201d, \u201cEspecialista en chamacas\u201d y \u201cFiebre de juventud\u201d. En 1967 se cas\u00f3 con la actriz Silvia Pinal, con quien tuvo a Alejandra Guzm\u00e1n y Luis Enrique Guzm\u00e1n antes de divorciarse en 1976.<\/p>\n","protected":false},"excerpt":{"rendered":"<p>CIUDAD DE M\u00c9XICO. * 15 de abril de 2021. ] AP. Una semana despu\u00e9s de asegurar que habr\u00eda sufrido abusos por parte de su abuelo Enrique Guzm\u00e1n, la cantante Frida Sof\u00eda anunci\u00f3 el jueves que emprender\u00e1 acciones legales. En una publicaci\u00f3n de Instagram, la hija de la cantante Alejandra Guzm\u00e1n dijo que ser\u00e1 representada por&#8230;<\/p>\n","protected":false},"author":2,"featured_media":1224714,"comment_status":"closed","ping_status":"closed","sticky":false,"template":"","format":"standard","meta":{"footnotes":""},"categories":[18563,1988],"tags":[3502,3956,7983,8967,12110],"class_list":["post-1224713","post","type-post","status-publish","format-standard","has-post-thumbnail","hentry","category-entretenimiento","category-lifestyles","tag-alejandra-guzman","tag-angelica-maria","tag-enrique-guzman","tag-frida-sofia","tag-los-teen-tops"],"_links":{"self":[{"href":"https:\/\/www.acapulcopress.com\/index.php\/wp-json\/wp\/v2\/posts\/1224713","targetHints":{"allow":["GET"]}}],"collection":[{"href":"https:\/\/www.acapulcopress.com\/index.php\/wp-json\/wp\/v2\/posts"}],"about":[{"href":"https:\/\/www.acapulcopress.com\/index.php\/wp-json\/wp\/v2\/types\/post"}],"author":[{"embeddable":true,"href":"https:\/\/www.acapulcopress.com\/index.php\/wp-json\/wp\/v2\/users\/2"}],"replies":[{"embeddable":true,"href":"https:\/\/www.acapulcopress.com\/index.php\/wp-json\/wp\/v2\/comments?post=1224713"}],"version-history":[{"count":0,"href":"https:\/\/www.acapulcopress.com\/index.php\/wp-json\/wp\/v2\/posts\/1224713\/revisions"}],"wp:featuredmedia":[{"embeddable":true,"href":"https:\/\/www.acapulcopress.com\/index.php\/wp-json\/"}],"wp:attachment":[{"href":"https:\/\/www.acapulcopress.com\/index.php\/wp-json\/wp\/v2\/media?parent=1224713"}],"wp:term":[{"taxonomy":"category","embeddable":true,"href":"https:\/\/www.acapulcopress.com\/index.php\/wp-json\/wp\/v2\/categories?post=1224713"},{"taxonomy":"post_tag","embeddable":true,"href":"https:\/\/www.acapulcopress.com\/index.php\/wp-json\/wp\/v2\/tags?post=1224713"}],"curies":[{"name":"wp","href":"https:\/\/api.w.org\/{rel}","templated":true}]}}