{"id":1224734,"date":"2021-04-19T19:02:42","date_gmt":"2021-04-20T00:02:42","guid":{"rendered":"https:\/\/www.acapulcopress.com\/?p=1224734"},"modified":"2021-04-19T19:02:42","modified_gmt":"2021-04-20T00:02:42","slug":"repudio-total-a-abelina-y-su-planilla-espuria","status":"publish","type":"post","link":"https:\/\/www.acapulcopress.com\/index.php\/2021\/04\/19\/repudio-total-a-abelina-y-su-planilla-espuria\/","title":{"rendered":"Repudio total de morenistas a \u00abimposici\u00f3n\u00bb de Abelina L\u00f3pez y su \u00abplanilla espuria\u00bb"},"content":{"rendered":"<div style=\"width: 640px;\" class=\"wp-video\"><video class=\"wp-video-shortcode\" id=\"video-1224734-1\" width=\"640\" height=\"352\" preload=\"metadata\" controls=\"controls\"><source type=\"video\/mp4\" src=\"https:\/\/www.acapulco.press\/wp-content\/uploads\/2021\/04\/MORENA-LA-MISMA-PORQUERIA.mp4?_=1\" \/><a href=\"https:\/\/www.acapulco.press\/wp-content\/uploads\/2021\/04\/MORENA-LA-MISMA-PORQUERIA.mp4\">https:\/\/www.acapulco.press\/wp-content\/uploads\/2021\/04\/MORENA-LA-MISMA-PORQUERIA.mp4<\/a><\/video><\/div>\n<p style=\"text-align: justify;\"><em><strong>* \u00abMario dec\u00eda que todo cambiar\u00eda: \u00a1mentira, mentira!, la misma porquer\u00eda\u00bb.<\/strong><\/em><\/p>\n<p style=\"text-align: justify;\">\u00bb \u00c1ngel <strong>Blanco<\/strong>.<br \/>\nREDACCI\u00d3N. * 19 de abril de 2021.<br \/>\n<em>] Acapulco Press | <\/em><strong>Videos:<\/strong> Cortes\u00eda de<em> Desde Abajo <\/em>y <em>\u00daltima Hora Guerrero.<\/em><\/p>\n<p style=\"text-align: justify;\">Al grito un\u00e1nime de <em>\u00abva a caer, va a caer\u00bb<\/em>, nutrido grupo de <em>morenistas<\/em> de Acapulco, plantados frente a la sede de la Comisi\u00f3n Nacional de Elecciones donde despacha el l\u00edder nacional de su partido, Mario Delgado Carrillo, protestaron contra las imposiciones orquestadas desde la dirigencia nacional y las candidaturas clandestinas de Marcial Rodr\u00edguez Salda\u00f1a, en Guerrero, entre ellas la de Abelina L\u00f3pez Rodr\u00edguez, de quien exigieron depuraci\u00f3n <img loading=\"lazy\" decoding=\"async\" class=\"alignleft size-medium wp-image-1224742\" src=\"https:\/\/www.acapulco.press\/wp-content\/uploads\/2021\/04\/MANIFESTACION-CONTRA-ABELINA-375x207.png\" alt=\"\" width=\"375\" height=\"207\" \/>de su \u00abplanilla espuria\u00bb o selecci\u00f3n democr\u00e1tica de nuevo candidato a la alcald\u00eda del puerto.<\/p>\n<p style=\"text-align: justify;\">En voz de los diputados locales de Guerrero, Zeferino G\u00f3mez Valdovinos, Antonio Helguera Jim\u00e9nez, y los consejeros estatales y nacionales Bulmaro Mu\u00f1iz Olmedo y Aid\u00e9 Ibarez Castro, los inconformes exigieron la presencia de Mario Delgado para establecer una mesa inmediata de trabajo para establecer el dialogo y exponerle las diferentes irregularidades que se han venido dando en diferentes partes <img loading=\"lazy\" decoding=\"async\" class=\"alignleft size-medium wp-image-1224745\" src=\"https:\/\/www.acapulco.press\/wp-content\/uploads\/2021\/04\/marcal-y-abelina-375x199.png\" alt=\"\" width=\"375\" height=\"199\" \/>del estado y, principalmente, para exponerle que hay una planilla en Acapulco que no representa la pluralidad ni la inclusi\u00f3n de todos los grupos y organizaciones sociales y liderazgos de Morena, es decir, la de la &#8216;impuesta&#8217; Abelina L\u00f3pez Rodr\u00edguez, a quien acusan de realizar campa\u00f1a de manera soberbia y sectarista, marginando a los aut\u00e9nticos militantes de Morena y genuinos representantes de la Cuarta Transformaci\u00f3n en Acapulco.<\/p>\n<p style=\"text-align: justify;\">\u00abDe no atenderse esta inconformidad, se estar\u00eda poniendo en riesgo el triunfo de la elecci\u00f3n\u00bb, advirtieron los manifestantes, que no cesaron de reprochar, en coro, <em>\u00abMario dec\u00eda que todo cambiar\u00eda, mentira, mentira, la misma porquer\u00eda: \u00ab\u00a1No a la imposici\u00f3n!\u00bb<\/em>.<\/p>\n<p style=\"text-align: justify;\">Al respecto, el consejero nacional Bulmaro Mu\u00f1iz fue m\u00e1s claro: \u00ab\u00a1Corrijan las cosas en Guerrero o at\u00e9nganse a las <img loading=\"lazy\" decoding=\"async\" class=\"alignleft size-medium wp-image-1224735\" src=\"https:\/\/www.acapulco.press\/wp-content\/uploads\/2021\/04\/ACAPULCO-VS-MORENA-2-375x211.jpg\" alt=\"\" width=\"375\" height=\"211\" \/>consecuencias, a lo que determine el pueblo de Guerrero\u00bb, dijo, aludiendo a las comisiones de Elecci\u00f3n, Candidaturas, Encuestas y a su dirigente nacional, Mario Delgado Carrillo, que sigue a salto de mata, evitando los reclamos de cientos o miles de <em>morenistas<\/em> dispersos en todo el pa\u00eds como el mismo reproche.<\/p>\n<p style=\"text-align: justify;\">\u00abEstamos tratando de abonarle con todo lo posible a la unidad; queremos establecer la concordia, la fraternidad, la inclusi\u00f3n y la unidad en el partido para poder dar la batalla y <img loading=\"lazy\" decoding=\"async\" class=\"alignleft size-medium wp-image-1224737\" src=\"https:\/\/www.acapulco.press\/wp-content\/uploads\/2021\/04\/ACAPULCO-VS-MORENA-4-375x211.jpg\" alt=\"\" width=\"375\" height=\"211\" \/>lograr que se consolide en Guerrero la Cuarta Transformaci\u00f3n\u00bb.<\/p>\n<p style=\"text-align: justify;\">\u00abTenemos que apoyar a nuestro candidato F\u00e9lix Salgado Macedoni0; necesitamos que haya armon\u00eda, que haya consenso, que haya inclusi\u00f3n, que haya unidad. A eso llamamos a Mario Delgado Carrillo, para que haga acto de presencia aqu\u00ed en la sede alterna de Morena &#8211;dest\u00e1quese que, ante las m\u00faltiples imposiciones hechas en casi toto el pa\u00eds, <em>morenistas<\/em> de diversos estados mantienen tomado el <img loading=\"lazy\" decoding=\"async\" class=\"alignleft size-medium wp-image-1224738\" src=\"https:\/\/www.acapulco.press\/wp-content\/uploads\/2021\/04\/ACAPULCO-VS-MORENA-375x211.jpg\" alt=\"\" width=\"375\" height=\"211\" \/>edificio\u00a0 que alberga al Comit\u00e9 Ejecutivo Nacional de Morena en la Ciudad de M\u00e9xico; el mismo caso ocurre con la sede partidista en Chilpancingo, Guerrero&#8211;. \u00a1No pueden andar escondi\u00e9ndose! Tienen que dar la cara y establecer el di\u00e1logo entre compa\u00f1eros, di\u00e1logo entre camaradas, pues somos militantes de Morena y queremos que se recompongan las irregularidades. \u00a1Urge que est\u00e9n aqu\u00ed presentes (Mario Delgado y comisionados nacionales) para que continuemos con la campa\u00f1a en Guerrero! Tenemos que redoblar esfuerzos para que esta campa\u00f1a sea ganadora, pues en Guerrero tenemos todo para ganar, pero el obst\u00e1culo est\u00e1n d\u00e1ndose a nivel del partido. Por ello demandamos di\u00e1logo, inclusi\u00f3n, soluci\u00f3n, unidad, pluralidad; que no haya imposiciones\u00bb, sostuvieron los demandantes.<\/p>\n<p style=\"text-align: justify;\">El diputado Zeferino Valdovinos dijo que los grupos representantes de Guerrero en la toma de la sede alterna de Morena en Ciudad de M\u00e9xico \u00abno reconocemos las planillas, no reconocemos las candidaturas y queremos que se establezca esta mesa de trabajo a la brevedad\u00bb. As\u00ed mismo, reproch\u00f3 que los creadores de los problemas en la imposici\u00f3n de candidaturas anden \u00abmuertos de la risa, burl\u00e1ndose de la democracia interna de Morena\u00bb mientras Morena se desmorona por culpa de las imposiciones de candidaturas clandestinas y planillas espurias patrocinadas por las dirigencias nacional y estatal del partido.<\/p>\n<p style=\"text-align: justify;\">\u00ab\u00a1La planilla espuria de Acapulco va a caer!\u00bb, sentenci\u00f3 Valdovinos, quien fue secundado con un grito a coro de <em>\u00ab\u00a1va a caer, va a caer, va a caer!<\/em>\u00ab, en franca alusi\u00f3n a Abelina L\u00f3pez Rodr\u00edguez, quien al igual que F\u00e9lix Salgado Macedonio a nivel estatal,\u00a0 tambi\u00e9n les fue \u00abimpuesta\u00bb a los <em>morenistas<\/em> como candidata a la presidencia de Acapulco.<\/p>\n<p style=\"text-align: justify;\">\u00abEstamos aqu\u00ed en el entendido que como militantes tenemos derecho a audiencia; a eso obedece nuestra presencia. Consideramos urgente una mesa de trabajo en la cual podamos establecer acuerdos que nos permitan transitar en equipo unificado para lograr el triunfo el 6 de junio, pero esto no se puede dar si no hay respeto de la dirigencia nacional, de la Comisi\u00f3n Nacional de Candidaturas y de la Comisi\u00f3n Nacional de Encuestas, hacia los militantes de Morena en Guerrero\u00bb, suscribi\u00f3 Zeferino.<\/p>\n<p style=\"text-align: justify;\">Antonio Helguera concluy\u00f3 con un llamado en\u00e9rgico a Mario Delgado: \u00abEstamos aqu\u00ed militantes con verdadera representatividad en Guerrero; es necesaria la estructuraci\u00f3n de planillas, incorporando a los aut\u00e9nticos cuadros que son de Morena y que son realmente comprometidos con la <em>Cuarta Transformaci\u00f3n<\/em>. \u00a1No podemos permitir que Morena est\u00e9 secuestrada por grupos de derecha; estamos totalmente infiltrados en esas planillas que se han designado en lo oscurito!\u00bb, subray\u00f3 a las imposiciones hechas tambi\u00e9n por el dirigente estatal de Morena, Marcial Rodr\u00edguez Salda\u00f1a, a quien con cartulinas tildaron de corrupto y a Abelina Rodr\u00edguez de soberbia.<\/p>\n<p><img loading=\"lazy\" decoding=\"async\" class=\"alignnone wp-image-1224736 size-large\" src=\"https:\/\/www.acapulco.press\/wp-content\/uploads\/2021\/04\/ACAPULCO-VS-MORENA-3-840x473.jpg\" alt=\"\" width=\"840\" height=\"473\" \/><\/p>\n<p style=\"text-align: justify;\"><code><iframe loading=\"lazy\" style=\"border: none; overflow: hidden;\" src=\"https:\/\/www.facebook.com\/plugins\/video.php?height=314&amp;href=https%3A%2F%2Fwww.facebook.com%2Fangelblanco.press%2Fvideos%2F2867379823522674%2F&amp;show_text=false&amp;width=560\" width=\"560\" height=\"314\" frameborder=\"0\" scrolling=\"no\" allowfullscreen=\"allowfullscreen\"><\/iframe><\/code><\/p>\n<p style=\"text-align: justify;\">www<strong>.acapulcopress.<\/strong>com<\/p>\n","protected":false},"excerpt":{"rendered":"<p>* \u00abMario dec\u00eda que todo cambiar\u00eda: \u00a1mentira, mentira!, la misma porquer\u00eda\u00bb. \u00bb \u00c1ngel Blanco. REDACCI\u00d3N. * 19 de abril de 2021. ] Acapulco Press | Videos: Cortes\u00eda de Desde Abajo y \u00daltima Hora Guerrero. Al grito un\u00e1nime de \u00abva a caer, va a caer\u00bb, nutrido grupo de morenistas de Acapulco, plantados frente a la sede&#8230;<\/p>\n","protected":false},"author":2,"featured_media":1224739,"comment_status":"closed","ping_status":"closed","sticky":false,"template":"","format":"standard","meta":{"footnotes":""},"categories":[2052,2053,1972,18561],"tags":[3077,3422,4015,4915,6809,8467,12677,13297],"class_list":["post-1224734","post","type-post","status-publish","format-standard","has-post-thumbnail","hentry","category-elecciones","category-elecciones-special","category-special","category-society-politics","tag-abelina-lopez-rodriguez","tag-aide-ibares-castro","tag-antonio-helguera-jimenez","tag-bulmaro-muniz-olmedo","tag-cuarta-transformacion","tag-felix-salgado-macedonio","tag-mario-delgado-carrillo","tag-morena"],"_links":{"self":[{"href":"https:\/\/www.acapulcopress.com\/index.php\/wp-json\/wp\/v2\/posts\/1224734","targetHints":{"allow":["GET"]}}],"collection":[{"href":"https:\/\/www.acapulcopress.com\/index.php\/wp-json\/wp\/v2\/posts"}],"about":[{"href":"https:\/\/www.acapulcopress.com\/index.php\/wp-json\/wp\/v2\/types\/post"}],"author":[{"embeddable":true,"href":"https:\/\/www.acapulcopress.com\/index.php\/wp-json\/wp\/v2\/users\/2"}],"replies":[{"embeddable":true,"href":"https:\/\/www.acapulcopress.com\/index.php\/wp-json\/wp\/v2\/comments?post=1224734"}],"version-history":[{"count":0,"href":"https:\/\/www.acapulcopress.com\/index.php\/wp-json\/wp\/v2\/posts\/1224734\/revisions"}],"wp:featuredmedia":[{"embeddable":true,"href":"https:\/\/www.acapulcopress.com\/index.php\/wp-json\/"}],"wp:attachment":[{"href":"https:\/\/www.acapulcopress.com\/index.php\/wp-json\/wp\/v2\/media?parent=1224734"}],"wp:term":[{"taxonomy":"category","embeddable":true,"href":"https:\/\/www.acapulcopress.com\/index.php\/wp-json\/wp\/v2\/categories?post=1224734"},{"taxonomy":"post_tag","embeddable":true,"href":"https:\/\/www.acapulcopress.com\/index.php\/wp-json\/wp\/v2\/tags?post=1224734"}],"curies":[{"name":"wp","href":"https:\/\/api.w.org\/{rel}","templated":true}]}}