{"id":1224758,"date":"2021-04-19T20:15:50","date_gmt":"2021-04-20T01:15:50","guid":{"rendered":"https:\/\/www.acapulcopress.com\/?p=1224758"},"modified":"2021-04-19T20:15:50","modified_gmt":"2021-04-20T01:15:50","slug":"padron-de-usuarios-de-telefonia-movil-pone-en-manos-del-crimen-organizado-a-millones-de-mexicanos","status":"publish","type":"post","link":"https:\/\/www.acapulcopress.com\/index.php\/2021\/04\/19\/padron-de-usuarios-de-telefonia-movil-pone-en-manos-del-crimen-organizado-a-millones-de-mexicanos\/","title":{"rendered":"Padr\u00f3n de Usuarios de Telefon\u00eda M\u00f3vil pone en manos del crimen organizado a millones de mexicanos"},"content":{"rendered":"<p style=\"text-align: justify;\"><em>*\u00a0 AMLO, a favor de la vulnerabilidad de la privacidad de 122 millones de mexicanos que usan telefon\u00eda m\u00f3vil.<\/em><br \/>\n<em><strong>* \u201cCon la creaci\u00f3n de esta figura, no tengo duda, las autoridades competentes tendr\u00e1n m\u00e1s elementos normativos para identificar la comisi\u00f3n de un delito\u201d, aval\u00f3 Manuel A\u00f1orve Ba\u00f1os,\u00a0 senador pri\u00edsta presidente de la Comisi\u00f3n de Estudios Legislativos.<\/strong><\/em><br \/>\n<em>* De acuerdo con el Instituto Nacional de Estad\u00edstica y Geograf\u00eda, en 2019, el 88.9 por ciento de las extorsiones se realizaron v\u00eda telef\u00f3nica. Estos delitos, advirti\u00f3, generan al crimen organizado m\u00e1s de 12 mil millones de pesos al a\u00f1o: Luc\u00eda Meza Guzm\u00e1n,\u00a0 presidenta de la Comisi\u00f3n de Comunicaciones y Transportes.<\/em><br \/>\n<em><strong>* La reforma \u201cpropicia un sistema de vigilancia y hostigamiento indigno de un pa\u00eds democr\u00e1tico\u201d, que transgrede la libertad de comunicaci\u00f3n, atenta contra los derechos humanos y la privacidad de los datos personales, sostuvo la senadora panista X\u00f3chitl G\u00e1lvez.<\/strong><\/em><br \/>\n<em>* \u00abEs momento de abandonar la falsa disyuntiva entre respetar los derechos de las personas y garantizar su seguridad. La persecuci\u00f3n de los delitos no puede ser pretexto para restringir las libertades y derechos de las y los mexicanos\u00bb: Claudia Ruiz Massieu Salinas, senadora del PRI.<\/em><\/p>\n<p>SENADO DE LA REP\u00daBLICA. * 19 de abril de 2021.<br \/>\n<em>] <a href=\"https:\/\/www.jornada.com.mx\/notas\/2021\/04\/13\/politica\/senado-aprueba-en-lo-general-reforma-a-ley-de-telecomunicaciones\/\" target=\"_blank\" rel=\"noopener\">La Jornada Online<\/a>\u00a0\/ <a href=\"https:\/\/www.proceso.com.mx\/nacional\/politica\/2021\/4\/14\/amlo-avala-padron-de-usuarios-de-telefonia-dice-que-es-por-seguridad-261958.html\" target=\"_blank\" rel=\"noopener\">Apro<\/a>.<\/em><\/p>\n<p style=\"text-align: justify;\">Con una votaci\u00f3n dividida, de 54 a favor, 49 en contra y diez abstenciones, el Senado aprob\u00f3 en lo general la minuta con las reformas a la Ley de Federal del Telecomunicaciones y Radiodifusi\u00f3n, por la que se crea el Padr\u00f3n Nacional de Usuarios de Telefon\u00eda M\u00f3vil, que obliga a los 122 millones de usuarios de celulares a registrar sus datos biom\u00e9tricos, es decir, huella dactilar y facial, as\u00ed como el iris de los ojos.<\/p>\n<p style=\"text-align: justify;\">No registrarse en ese padr\u00f3n o hacerlo de manera extempor\u00e1nea ser\u00e1 motivo de la cancelaci\u00f3n definitiva de la l\u00ednea telef\u00f3nica y de una multa de 89 mil 692 pesos.<\/p>\n<p style=\"text-align: justify;\">Toda la oposici\u00f3n vot\u00f3 en contra, por considerar que viola derechos constitucionales de los usuarios, al exponer datos sensibles, al establecer un padr\u00f3n similar al que fracas\u00f3 en el r\u00e9gimen de Felipe Calder\u00f3n. Del lado de Morena, vot\u00f3 en contra la senadora Jesusa Rodr\u00edguez y diez legisladores Morenistas y del PT, entre ellos Napole\u00f3n G\u00f3mez Urrutia, se abstuvieron.<\/p>\n<p style=\"text-align: justify;\">La senadora de Morena, Luc\u00eda Meza, presidenta de la Comisi\u00f3n de Comunicaciones y Transportes, coment\u00f3, al presentar el dictamen, que se busca reducir los delitos de extorsi\u00f3n y secuestro que dejan ganancias a la delincuencia organizada estimadas en 12 mil millones de pesos anuales.<\/p>\n<p style=\"text-align: justify;\">\u201cDe acuerdo con el INEGI en el a\u00f1o 2019, uno de cada cinco delitos cometidos fue una extorsi\u00f3n. En el a\u00f1o 2019 se cometieron 4.6 millones de extorsiones, lo que representa 9 extorsiones por minuto. (\u2026) Esto le genera a la delincuencia organizada los delitos de extorsi\u00f3n y secuestro, principalmente, m\u00e1s de 12 mil millones de pesos al a\u00f1o\u201d.<\/p>\n<p style=\"text-align: justify;\">Sin embargo, panistas, pri\u00edstas, perredistas y senadores de MC advirtieron que acudir\u00e1n a la Suprema Corte en cuanto se promulgue la controvertida ley. Claudia Ru\u00edz Massieu, del PRI, afirm\u00f3 establecer ese padr\u00f3n violenta la presunci\u00f3n de inocencia y pone en riesgo la seguridad de las personas usuarias del servicio de telefon\u00eda celular, porque presume culpable de cualquier delito al titular de la l\u00ednea registrada, si el n\u00famero telef\u00f3nico es usado para cometer un delito, el usuario queda en total indefensi\u00f3n\u201d.<\/p>\n<p style=\"text-align: justify;\">Adem\u00e1s, agreg\u00f3, e la obligaci\u00f3n de entregar datos biom\u00e9tricos atenta contra derechos fundamentales de los usuarios y su privacidad, pese a que en el dictamen se establece que la informaci\u00f3n contenida en ese padr\u00f3n ser\u00e1 confidencial y reservada en los t\u00e9rminos de la Ley General de Transparencia y Acceso a la Informaci\u00f3n P\u00fablica, de la Ley General de Protecci\u00f3n de Datos Personales en Posesi\u00f3n de Sujetos Obligados y de la Ley Federal de Protecci\u00f3n de Datos Personales en Posesi\u00f3n de Particulares.<\/p>\n<p style=\"text-align: justify;\">Ru\u00edz Massieu hizo notar que ese padr\u00f3n es similar al que se instituy\u00f3 en la administraci\u00f3n de Felipe Calder\u00f3n y debi\u00f3 cancelarse dos a\u00f1os despu\u00e9s, por sus resultados negativos. Agreg\u00f3 que es una pena que Morena se est\u00e9 acostumbrando a aprobar reformas autoritarias.<\/p>\n<p style=\"text-align: justify;\">Por su parte, el coordinador del PRD, Miguel \u00c1ngel Mancera, advirti\u00f3 que el padr\u00f3n es un \u201ccoctel\u201d de violaciones a la Constituci\u00f3n, una suma de afectaciones a diversas garant\u00edas, sin duda lejos de coadyuvar a la lucha contra la inseguridad van a fomentar otras pr\u00e1cticas.<\/p>\n<p style=\"text-align: justify;\">Por ello, habr\u00e1 acciones de inconstitucionalidad, hasta juicio de amparo por muchos de los usuarios, porque hay retroactividad de la ley, \u00bfc\u00f3mo te van a obligar retroactivamente a que te registres?, y sino en treinta d\u00edas te van a cancelar la l\u00ednea\u201d.<\/p>\n<p style=\"text-align: justify;\">El senador sin partido, Emilio Alvarez Icaza, desde tribuna \u2013 ya que algunos legisladores acudieron al pleno, pese a que fue una sesi\u00f3n digital &#8211; puso una grabaci\u00f3n del coordinador de Morena, Ricardo Monreal, del 2011 cuando se manifest\u00f3 en contra del primer padr\u00f3n.<\/p>\n<p style=\"text-align: justify;\">Falta la votaci\u00f3n en lo particular. 10 senadores presentaron reservas.<\/p>\n<p><strong>REACCIONES ENCONTRADAS<\/strong><\/p>\n<p style=\"text-align: justify;\">La presidenta de la <a href=\"http:\/\/comunicacion.senado.gob.mx\/index.php\/informacion\/boletines\/50696-senado-aprueba-en-lo-general-crear-padron-nacional-de-usuarios-de-telefonia-movil.html\" target=\"_blank\" rel=\"noopener\">Comisi\u00f3n de Comunicaciones y Transportes,<\/a> Luc\u00eda Meza Guzm\u00e1n, inform\u00f3 que, de acuerdo con el Instituto Nacional de Estad\u00edstica y Geograf\u00eda, en 2019, el 88.9 por ciento de las extorsiones se realizaron v\u00eda telef\u00f3nica. Estos delitos, advirti\u00f3, generan al crimen organizado m\u00e1s de 12 mil millones de pesos al a\u00f1o.<\/p>\n<p style=\"text-align: justify;\">Ante este escenario, asever\u00f3 la senadora, la propuesta busca darles mayor control y herramientas a las autoridades para evitar el uso indebido de las l\u00edneas telef\u00f3nicas.<\/p>\n<p style=\"text-align: justify;\">El presidente de la Comisi\u00f3n de Estudios Legislativos, Manuel A\u00f1orve Ba\u00f1os, asent\u00f3 que \u201ccon la creaci\u00f3n de esta figura, no tengo duda, las autoridades competentes tendr\u00e1n m\u00e1s elementos normativos para identificar la comisi\u00f3n de un delito\u201d.<\/p>\n<p style=\"text-align: justify;\">Por Movimiento Ciudadano, el senador No\u00e9 Casta\u00f1\u00f3n Ram\u00edrez asegur\u00f3 que el dictamen, m\u00e1s que ayudar a combatir a la delincuencia, fomentar\u00e1 otro tipo de il\u00edcitos y generar\u00e1 un gasto innecesario por parte del Gobierno federal, para la creaci\u00f3n del padr\u00f3n.<\/p>\n<p style=\"text-align: justify;\">Ricardo Vel\u00e1zquez Meza, senador de Morena, expres\u00f3 que esta medida no vulnera los datos personales de los usuarios, sino que trata de enmendar un problema que los gobiernos anteriores no quisieron abordar, \u201cpor no tocar sus intereses con las empresas de telecomunicaciones\u201d.<\/p>\n<p style=\"text-align: justify;\">La senadora de Acci\u00f3n Nacional, X\u00f3chitl G\u00e1lvez Ruiz, advirti\u00f3 que la reforma \u201cpropicia un sistema de vigilancia y hostigamiento indigno de un pa\u00eds democr\u00e1tico\u201d, que transgrede la libertad de comunicaci\u00f3n, atenta contra los derechos humanos y la privacidad de los datos personales.<\/p>\n<p style=\"text-align: justify;\">A nombre de PT, el senador Joel Padilla Pe\u00f1a dijo que existe gran preocupaci\u00f3n porque esta reforma invade la privacidad, pues no incluye mecanismos para proteger los datos personales.<\/p>\n<p style=\"text-align: justify;\">El senador Emilio \u00c1lvarez Icaza dijo que en estos momentos nuestro pa\u00eds requiere recursos para disminuir la brecha digital en medio de la pandemia, pero no para controlar a los ciudadanos.<\/p>\n<p style=\"text-align: justify;\">Miguel \u00c1ngel Mancera Espinosa, del PRD, calific\u00f3 el articulado del dictamen como un \u201ccoctel\u201d de violaciones constitucionales y de afectaciones a diversas garant\u00edas, como la presunci\u00f3n de inocencia.<\/p>\n<p style=\"text-align: justify;\">Por el PVEM, la senadora Alejandra Lagunes Soto Ru\u00edz manifest\u00f3 que la creaci\u00f3n del Padr\u00f3n tendr\u00eda un alto costo econ\u00f3mico, pues \u201ctan s\u00f3lo al IFT, le implicar\u00eda un costo aproximado de 109 millones de pesos el primer a\u00f1o y de 88 millones para los a\u00f1os consecuentes\u00bb.<\/p>\n<p style=\"text-align: justify;\">Claudia Ruiz Massieu Salinas, senadora del PRI, indic\u00f3 que es momento de abandonar la falsa disyuntiva entre respetar los derechos de las personas y garantizar su seguridad. La persecuci\u00f3n de los delitos -acot\u00f3- no puede ser pretexto para restringir las libertades y derechos de las y los mexicanos.<\/p>\n<p><strong>AMLO, A FAVOR DEL PADR\u00d3N DE USUARIOS<\/strong><\/p>\n<p style=\"text-align: justify;\">El presidente Andr\u00e9s Manuel L\u00f3pez Obrador dio su respaldo a la creaci\u00f3n de un padr\u00f3n de usuarios de telefon\u00eda m\u00f3vil que requerir\u00e1 que los usuarios den sus datos personales y biom\u00e9tricos.<\/p>\n<p style=\"text-align: justify;\">Al respecto, el presidente reconoci\u00f3 que hubo \u201cmucha pol\u00e9mica\u201d pero consider\u00f3 que no puede haber nada por encima de \u201cla seguridad\u201d.<\/p>\n<p style=\"text-align: justify;\">\u201cEs un asunto de seguridad para la protecci\u00f3n de los mexicanos. Las empresas argumentan que se limitan sus ventas, pero est\u00e1 de por medio la seguridad de la poblaci\u00f3n. [\u2026] No puede haber un negocio por encima de la seguridad del pueblo\u201d, insisti\u00f3 el mandatario.<\/p>\n<p style=\"text-align: justify;\">En la conferencia ma\u00f1anera del pasado mi\u00e9rcoles, el mandatario admiti\u00f3 que las empresas de telefon\u00eda m\u00f3vil \u201cno ven con simpat\u00eda\u201d la integraci\u00f3n del padr\u00f3n, pero record\u00f3 que la solicitud de datos biom\u00e9tricos se aplica en otros tr\u00e1mites como el caso de los bancos, indic\u00f3.<\/p>\n<p style=\"text-align: justify;\">Tambi\u00e9n, reconoci\u00f3 que existe una preocupaci\u00f3n ciudadana por el uso de los datos personales obtenidos a trav\u00e9s del padr\u00f3n y se comprometi\u00f3 a que el gobierno federal no realizar\u00e1 acciones de \u201cespionaje\u201d o \u201cviolaci\u00f3n\u00bb de libertades ciudadanas.<\/p>\n<p style=\"text-align: justify;\">El titular del Ejecutivo federal puso como ejemplo la facilidad de obtener tarjetas para dispositivos m\u00f3viles que luego son utilizados para cometer delitos como secuestro y extorsi\u00f3n.<\/p>\n<p style=\"text-align: justify;\">Por ello defendi\u00f3 la creaci\u00f3n del padr\u00f3n, argumentando que es necesario tener un registro de telefon\u00eda m\u00f3vil para \u201ccuidar a la poblaci\u00f3n\u201d.<\/p>\n<p style=\"text-align: justify;\">\n","protected":false},"excerpt":{"rendered":"<p>*\u00a0 AMLO, a favor de la vulnerabilidad de la privacidad de 122 millones de mexicanos que usan telefon\u00eda m\u00f3vil. * \u201cCon la creaci\u00f3n de esta figura, no tengo duda, las autoridades competentes tendr\u00e1n m\u00e1s elementos normativos para identificar la comisi\u00f3n de un delito\u201d, aval\u00f3 Manuel A\u00f1orve Ba\u00f1os,\u00a0 senador pri\u00edsta presidente de la Comisi\u00f3n de Estudios&#8230;<\/p>\n","protected":false},"author":2,"featured_media":1224759,"comment_status":"closed","ping_status":"closed","sticky":false,"template":"","format":"standard","meta":{"footnotes":""},"categories":[18585,1969,1972],"tags":[16471],"class_list":["post-1224758","post","type-post","status-publish","format-standard","has-post-thumbnail","hentry","category-ciencia-y-tecnologia-la-foto","category-trending","category-special","tag-senado-de-la-republica"],"_links":{"self":[{"href":"https:\/\/www.acapulcopress.com\/index.php\/wp-json\/wp\/v2\/posts\/1224758","targetHints":{"allow":["GET"]}}],"collection":[{"href":"https:\/\/www.acapulcopress.com\/index.php\/wp-json\/wp\/v2\/posts"}],"about":[{"href":"https:\/\/www.acapulcopress.com\/index.php\/wp-json\/wp\/v2\/types\/post"}],"author":[{"embeddable":true,"href":"https:\/\/www.acapulcopress.com\/index.php\/wp-json\/wp\/v2\/users\/2"}],"replies":[{"embeddable":true,"href":"https:\/\/www.acapulcopress.com\/index.php\/wp-json\/wp\/v2\/comments?post=1224758"}],"version-history":[{"count":0,"href":"https:\/\/www.acapulcopress.com\/index.php\/wp-json\/wp\/v2\/posts\/1224758\/revisions"}],"wp:featuredmedia":[{"embeddable":true,"href":"https:\/\/www.acapulcopress.com\/index.php\/wp-json\/"}],"wp:attachment":[{"href":"https:\/\/www.acapulcopress.com\/index.php\/wp-json\/wp\/v2\/media?parent=1224758"}],"wp:term":[{"taxonomy":"category","embeddable":true,"href":"https:\/\/www.acapulcopress.com\/index.php\/wp-json\/wp\/v2\/categories?post=1224758"},{"taxonomy":"post_tag","embeddable":true,"href":"https:\/\/www.acapulcopress.com\/index.php\/wp-json\/wp\/v2\/tags?post=1224758"}],"curies":[{"name":"wp","href":"https:\/\/api.w.org\/{rel}","templated":true}]}}