{"id":1224765,"date":"2021-04-19T20:44:06","date_gmt":"2021-04-20T01:44:06","guid":{"rendered":"https:\/\/www.acapulcopress.com\/?p=1224765"},"modified":"2021-04-19T20:44:06","modified_gmt":"2021-04-20T01:44:06","slug":"inician-amparos-contra-padron-de-usuarios-de-telefonia-movil","status":"publish","type":"post","link":"https:\/\/www.acapulcopress.com\/index.php\/2021\/04\/19\/inician-amparos-contra-padron-de-usuarios-de-telefonia-movil\/","title":{"rendered":"Inician amparos contra padr\u00f3n de usuarios de telefon\u00eda m\u00f3vil"},"content":{"rendered":"<p style=\"text-align: justify;\">CIUDAD DE M\u00c9XICO. * 19 de abril de 2021.<br \/>\n<em>] <a href=\"https:\/\/www.forbes.com.mx\/comienzan-los-amparos-contra-padron-de-usuarios-de-celular\/\" target=\"_blank\" rel=\"noopener\">Forbes.<\/a><\/em><\/p>\n<p style=\"text-align: justify;\">La firma Trusan y Roma Abogados interpuso esta ma\u00f1ana un amparo contra la Ley Federal de Telecomunicaciones donde se dicta la creaci\u00f3n de un padr\u00f3n nacional de usuarios de telefon\u00eda m\u00f3vil basado en datos biom\u00e9tricos.<\/p>\n<p style=\"text-align: justify;\">Esta disposici\u00f3n obliga a alrededor de 122 millones de usuarios a registrar su huella dactilar y facial, as\u00ed como el iris de los ojos.<\/p>\n<p style=\"text-align: justify;\">De acuerdo con la ley, el padr\u00f3n deber\u00e1 contener el n\u00famero de la l\u00ednea, fecha y hora en la que se activ\u00f3 la tarjeta SIM as\u00ed como el nombre o raz\u00f3n social del usuario.<\/p>\n<p style=\"text-align: justify;\">Tambi\u00e9n, incluir\u00e1 la nacionalidad del due\u00f1o de la l\u00ednea, su n\u00famero de identificaci\u00f3n social y la Clave \u00danica de Registro de Poblaci\u00f3n (CURP).<\/p>\n<p style=\"text-align: justify;\">Al respecto, el abogado Rodolfo Mart\u00ednez, socio del despacho, explic\u00f3 a <em>Forbes M\u00e9xico<\/em> que la nueva reforma viola diversos derechos que se consagran en la Constituci\u00f3n general, como la no discriminaci\u00f3n y pone en clara desigualdad a las personas.<\/p>\n<p style=\"text-align: justify;\">Sin embargo, expuso que la transgresi\u00f3n m\u00e1s grave es que se vulnera el derecho al acceso a las telecomunicaciones sin interferencia alguna, ya que la nueva ley condiciona el uso de las comunicaciones a la filiaci\u00f3n en un padr\u00f3n.<\/p>\n<p style=\"text-align: justify;\">\u201cQuiz\u00e1, de las violaciones m\u00e1s importantes a la Constituci\u00f3n federal est\u00e1 el hecho de que el art\u00edculo sexto de la Constituci\u00f3n con toda claridad establece el derecho humano de libre acceso a las telecomunicaciones sin injerencia alguna\u201d, indic\u00f3 Rodolfo Mart\u00ednez<\/p>\n<p style=\"text-align: justify;\">\u201cDesafortunadamente en el art\u00edculo cuarto transitorio de esta reforma establece que las personas que no formen parte del padr\u00f3n ser\u00e1n autom\u00e1ticamente retirados del servicio de telefon\u00eda m\u00f3vil, es decir, ser\u00e1n canceladas sus l\u00edneas\u201d.<\/p>\n<p style=\"text-align: justify;\">El litigante indic\u00f3 que la ley de Telecomunicaciones y Radiodifusi\u00f3n carece de efectividad ya que ni siquiera para su implementaci\u00f3n en casos de seguridad es capaz de mostrar su pertinencia, pero si su car\u00e1cter transgresor a la Constituci\u00f3n.<\/p>\n<p style=\"text-align: justify;\">\u201cEs una ley que ya nace muerta en su efectividad y con ella se vulneran los datos personales y adem\u00e1s se atenta contra el principio de presunci\u00f3n de inocencia porque pr\u00e1cticamente ahora todos somos criminales por tener una l\u00ednea de celular\u201d, apunt\u00f3.<\/p>\n<p style=\"text-align: justify;\">De igual forma advirti\u00f3 sobre la incapacidad que ha mostrado el gobierno para la administraci\u00f3n de datos personales y garantizar su seguridad.<\/p>\n<p style=\"text-align: justify;\">Mart\u00ednez explic\u00f3 que esperan que el juez de distrito en materia administrativa especializado en competencia econ\u00f3mica en telecomunicaciones otorgue el amparo y suspenda la ley a fin que sus clientes no les sea retirado el servicio de telefon\u00eda m\u00f3vil por no registrarse en el padr\u00f3n.<\/p>\n<p style=\"text-align: justify;\">El abogado no desestim\u00f3 que las acciones contra la ley de telecomunicaciones sea escalada ante la Suprema Corte de Justicia de la Naci\u00f3n y que esta instancia establezca si hay anticonstitucionalidad en los preceptos de la nueva reforma.<\/p>\n","protected":false},"excerpt":{"rendered":"<p>CIUDAD DE M\u00c9XICO. * 19 de abril de 2021. ] Forbes. La firma Trusan y Roma Abogados interpuso esta ma\u00f1ana un amparo contra la Ley Federal de Telecomunicaciones donde se dicta la creaci\u00f3n de un padr\u00f3n nacional de usuarios de telefon\u00eda m\u00f3vil basado en datos biom\u00e9tricos. Esta disposici\u00f3n obliga a alrededor de 122 millones de&#8230;<\/p>\n","protected":false},"author":2,"featured_media":1224766,"comment_status":"closed","ping_status":"closed","sticky":false,"template":"","format":"standard","meta":{"footnotes":""},"categories":[1969],"tags":[4375,5868,6955,11874,14160,16993,17420],"class_list":["post-1224765","post","type-post","status-publish","format-standard","has-post-thumbnail","hentry","category-trending","tag-atos-biometricos","tag-clave-unica-de-registro-de-poblacion-curp","tag-datos-biometricos","tag-ley-federal-de-telecomunicaciones","tag-padron-de-usuarios-de-telefonia-movil","tag-tarjeta-sim","tag-trusan-y-roma-abogados"],"_links":{"self":[{"href":"https:\/\/www.acapulcopress.com\/index.php\/wp-json\/wp\/v2\/posts\/1224765","targetHints":{"allow":["GET"]}}],"collection":[{"href":"https:\/\/www.acapulcopress.com\/index.php\/wp-json\/wp\/v2\/posts"}],"about":[{"href":"https:\/\/www.acapulcopress.com\/index.php\/wp-json\/wp\/v2\/types\/post"}],"author":[{"embeddable":true,"href":"https:\/\/www.acapulcopress.com\/index.php\/wp-json\/wp\/v2\/users\/2"}],"replies":[{"embeddable":true,"href":"https:\/\/www.acapulcopress.com\/index.php\/wp-json\/wp\/v2\/comments?post=1224765"}],"version-history":[{"count":0,"href":"https:\/\/www.acapulcopress.com\/index.php\/wp-json\/wp\/v2\/posts\/1224765\/revisions"}],"wp:featuredmedia":[{"embeddable":true,"href":"https:\/\/www.acapulcopress.com\/index.php\/wp-json\/"}],"wp:attachment":[{"href":"https:\/\/www.acapulcopress.com\/index.php\/wp-json\/wp\/v2\/media?parent=1224765"}],"wp:term":[{"taxonomy":"category","embeddable":true,"href":"https:\/\/www.acapulcopress.com\/index.php\/wp-json\/wp\/v2\/categories?post=1224765"},{"taxonomy":"post_tag","embeddable":true,"href":"https:\/\/www.acapulcopress.com\/index.php\/wp-json\/wp\/v2\/tags?post=1224765"}],"curies":[{"name":"wp","href":"https:\/\/api.w.org\/{rel}","templated":true}]}}