{"id":1224774,"date":"2021-04-19T21:22:09","date_gmt":"2021-04-20T02:22:09","guid":{"rendered":"https:\/\/www.acapulcopress.com\/?p=1224774"},"modified":"2021-04-19T21:22:09","modified_gmt":"2021-04-20T02:22:09","slug":"sin-felix-o-sin-amlo-guerrero-existe-apreza","status":"publish","type":"post","link":"https:\/\/www.acapulcopress.com\/index.php\/2021\/04\/19\/sin-felix-o-sin-amlo-guerrero-existe-apreza\/","title":{"rendered":"Sin F\u00e9lix o sin AMLO Guerrero existe | Apreza"},"content":{"rendered":"<p style=\"text-align: justify;\">CHILPANCINGO. * 19 de abril de 2021.<br \/>\n<em>] Especial.<\/em><\/p>\n<p style=\"text-align: justify;\">El dirigente estatal del PRI Guerrero , H\u00e9ctor Apreza Patr\u00f3n, sostuvo que Guerrero \u201cha existido\u201d sin F\u00e9lix Salgado Macedonio y sin el presidente de la Rep\u00fablica, Andr\u00e9s Manuel L\u00f3pez Obrador y se\u00f1al\u00f3 que la ausencia de Salgado en el primer debate p\u00fablico convocado por el Instituto Electoral y de Participaci\u00f3n Ciudadana de Guerrero (IEPCGro), no es problema de los dem\u00e1s candidatos&#8230; ni de los partidos.<\/p>\n<p style=\"text-align: justify;\">Apreza lament\u00f3 que el diputado Alfredo S\u00e1nchez Esquivel, coordinador del grupo parlamentario de Morena en el Congreso local \u201cpiense que hay un se\u00f1or (F\u00e9lix Salgado) que es el due\u00f1o del mundo y que es el Dios de Guerrero. La vida de Guerrero ha existido sin F\u00e9lix Salgado (y) sin Andr\u00e9s Manuel\u201d.<\/p>\n<p style=\"text-align: justify;\">\u201cLa vida de Guerrero no inici\u00f3 cuando apareci\u00f3 Andr\u00e9s Manuel o apareci\u00f3 F\u00e9lix Salgado. La vida de Guerrero es de hace muchos, much\u00edsimos a\u00f1os, y est\u00e1 formada por gente insurgente, gente rebelde, gente estoica, gente con amor, gente con dignidad. Que manera de mi compa\u00f1ero diputado de faltarle el respeto a los guerrerenses\u201d, suscribi\u00f3 el pri\u00edsta.<\/p>\n<p style=\"text-align: justify;\"><strong>DATOS ELECTORALES<\/strong><\/p>\n<p style=\"text-align: justify;\">F\u00e9lix Salgado Macedonio no participar\u00eda en el primer debate p\u00fablico que organiza el IEPCGro debido a que el Instituto Nacional Electoral dej\u00f3 sin efecto su candidatura, luego de que la Unidad de Fiscalizaci\u00f3n detect\u00f3 que no present\u00f3 sus informes de gastos de precampa\u00f1a.<\/p>\n<p style=\"text-align: justify;\">Al respecto, Apreza cuestion\u00f3 al diputado S\u00e1nchez Esquivel: \u201c\u00bfCu\u00e1les son los procesos que ha hecho F\u00e9lix Salgado para mejorar las condiciones de Guerrero? No estoy descalificando a nadie, pero contrastemos propuestas y que sea la gente la que decida. No pensemos que hay un hombre en funci\u00f3n del cual gira todo en la vida\u201d.<\/p>\n<p style=\"text-align: justify;\">El dirigente pri\u00edsta manifest\u00f3 su respeto al excandidato de Morena al gobierno de Guerrero, pero reiter\u00f3 que \u201cno es un Dios; \u00e9l no construy\u00f3 a Guerrero. F\u00e9lix Salgado es un hombre com\u00fan y corriente como lo somos todos los seres humanos\u201d.<\/p>\n<p style=\"text-align: justify;\">En contraparte, Apreza Patr\u00f3n asegur\u00f3 que a m\u00e1s de un mes de campa\u00f1a electoral el candidato de la alianza PRI-PRD, Mario Moreno Arcos, est\u00e1 mejor posicionado en la intenci\u00f3n del voto guerrerense. \u201cTan ha sido impactante la campa\u00f1a de Mario Moreno que yo quiero se\u00f1alar que. pr\u00e1cticamente. estamos a mitad de la campa\u00f1a y se ha logrado reducir la brecha en m\u00e1s de veinte puntos.\u00a0 La brecha con la que iniciamos en la preferencia del voto entre Morena y la coalici\u00f3n PRI-PRD, se ha reducido de manera importante\u201d, detall\u00f3.<\/p>\n","protected":false},"excerpt":{"rendered":"<p>CHILPANCINGO. * 19 de abril de 2021. ] Especial. El dirigente estatal del PRI Guerrero , H\u00e9ctor Apreza Patr\u00f3n, sostuvo que Guerrero \u201cha existido\u201d sin F\u00e9lix Salgado Macedonio y sin el presidente de la Rep\u00fablica, Andr\u00e9s Manuel L\u00f3pez Obrador y se\u00f1al\u00f3 que la ausencia de Salgado en el primer debate p\u00fablico convocado por el Instituto&#8230;<\/p>\n","protected":false},"author":2,"featured_media":1224775,"comment_status":"closed","ping_status":"closed","sticky":false,"template":"","format":"standard","meta":{"footnotes":""},"categories":[1997],"tags":[3793,8467,9702,10255,12685],"class_list":["post-1224774","post","type-post","status-publish","format-standard","has-post-thumbnail","hentry","category-noticias-destacadas","tag-amlo","tag-felix-salgado-macedonio","tag-hector-apreza-patron","tag-instituto-electoral-y-de-participacion-ciudadana-de-guerrero-iepcgro","tag-mario-moreno-arcos"],"_links":{"self":[{"href":"https:\/\/www.acapulcopress.com\/index.php\/wp-json\/wp\/v2\/posts\/1224774","targetHints":{"allow":["GET"]}}],"collection":[{"href":"https:\/\/www.acapulcopress.com\/index.php\/wp-json\/wp\/v2\/posts"}],"about":[{"href":"https:\/\/www.acapulcopress.com\/index.php\/wp-json\/wp\/v2\/types\/post"}],"author":[{"embeddable":true,"href":"https:\/\/www.acapulcopress.com\/index.php\/wp-json\/wp\/v2\/users\/2"}],"replies":[{"embeddable":true,"href":"https:\/\/www.acapulcopress.com\/index.php\/wp-json\/wp\/v2\/comments?post=1224774"}],"version-history":[{"count":0,"href":"https:\/\/www.acapulcopress.com\/index.php\/wp-json\/wp\/v2\/posts\/1224774\/revisions"}],"wp:featuredmedia":[{"embeddable":true,"href":"https:\/\/www.acapulcopress.com\/index.php\/wp-json\/"}],"wp:attachment":[{"href":"https:\/\/www.acapulcopress.com\/index.php\/wp-json\/wp\/v2\/media?parent=1224774"}],"wp:term":[{"taxonomy":"category","embeddable":true,"href":"https:\/\/www.acapulcopress.com\/index.php\/wp-json\/wp\/v2\/categories?post=1224774"},{"taxonomy":"post_tag","embeddable":true,"href":"https:\/\/www.acapulcopress.com\/index.php\/wp-json\/wp\/v2\/tags?post=1224774"}],"curies":[{"name":"wp","href":"https:\/\/api.w.org\/{rel}","templated":true}]}}