{"id":1224795,"date":"2021-04-19T22:29:05","date_gmt":"2021-04-20T03:29:05","guid":{"rendered":"https:\/\/www.acapulcopress.com\/?p=1224795"},"modified":"2021-04-19T22:29:05","modified_gmt":"2021-04-20T03:29:05","slug":"desde-hoy-morena-no-tiene-candidato-oficial-a-gobernador-de-guerrero","status":"publish","type":"post","link":"https:\/\/www.acapulcopress.com\/index.php\/2021\/04\/19\/desde-hoy-morena-no-tiene-candidato-oficial-a-gobernador-de-guerrero\/","title":{"rendered":"Desde hoy Morena no tiene candidato oficial a gobernador de Guerrero"},"content":{"rendered":"<p style=\"text-align: justify;\">CHILPANCINGO. * 19 de abril de 2021.<br \/>\n<em>] Redacci\u00f3n.<\/em><\/p>\n<p style=\"text-align: justify;\">Morena se qued\u00f3 hoy sin candidato oficial a la gubernatura de Guerrero.<\/p>\n<p style=\"text-align: justify;\">El presidente del Instituto Electoral de Participaci\u00f3n Ciudadana de Guerrero (IEPC), Nazar\u00edn Vargas Armenta, inform\u00f3 que Morena no cumpli\u00f3 con la decisi\u00f3n del Instituto Nacional Electoral (INE) de registrar\u00a0 a un nuevo candidato a Gobernador que sustituya a F\u00e9lix Salgado Macedonio.<\/p>\n<p style=\"text-align: justify;\">El plazo venc\u00eda a las 14:55 horas de este lunes, pero Morena insisti\u00f3 en dejar en manos del\u00a0del Tribunal Electoral del Poder Judicial de la Federaci\u00f3n (TEPJF) la \u00faltima apuesta a favor de su candidato inhabilitado en dos ocasiones por el INE por no declarar recursos de precampa\u00f1a.<\/p>\n<p style=\"text-align: justify;\">El consejero presidente del IEPCGro inform\u00f3 que \u00ablo que resolvi\u00f3 el INE fue notificarnos y nos orden\u00f3 hacer efectiva la sanci\u00f3n y de tener por perdido el derecho de este ciudadano de ser registrado como candidato a Gobernador, lo cual acordamos\u00bb,\u00a0 y tambi\u00e9n nos orden\u00f3 \u00abdarle un plazo al partido para que hiciera la sustituci\u00f3n, en un plazo de 48 horas. El plazo se venci\u00f3, no hubo sustituci\u00f3n. Luego, entonces, ya hemos cerrado el procedimiento que nos orden\u00f3 el INE\u00bb, suscribi\u00f3.<\/p>\n<p style=\"text-align: justify;\">A su vez, Marcial Rodr\u00edguez Salda\u00f1a, secretario\/presidente de Morena en Guerrero,\u00a0 se\u00f1al\u00f3 que ellos conf\u00edan en que el Tribunal Electoral del Poder Judicial de la Federaci\u00f3n (TEPJF) resuelva a favor de Salgado Macedonio.<\/p>\n<p style=\"text-align: justify;\">\u00abNo hubo ni hay un <em>Plan B,<\/em> F\u00e9lix Salgado ser\u00e1 nuestro candidato y \u00e9l va ganar las elecciones a\u00a0 Gobernador\u00bb, sostuvo Rodr\u00edguez Salda\u00f1a.<\/p>\n<p style=\"text-align: justify;\">Este lunes, la Sala Superior del Tribunal Electoral del Poder Judicial de la Federaci\u00f3n (TEPJF) acept\u00f3 a tr\u00e1mite el recurso de apelaci\u00f3n presentado por Morena contra la decisi\u00f3n del INE de retirarle la candidatura a la gubernatura de Guerrero a F\u00e9lix Salgado Macedonio, por omitir la presentaci\u00f3n de sus gastos y egresos de precampa\u00f1a. El recurso de apelaci\u00f3n fue interpuesto por Sergio Carlos Guti\u00e9rrez Luna, representante de Morena ante el Consejo General del Instituto Nacional Electoral (INE), y ser\u00e1 turnado al Magistrado Indalfer Infante Gonzales.<\/p>\n","protected":false},"excerpt":{"rendered":"<p>CHILPANCINGO. * 19 de abril de 2021. ] Redacci\u00f3n. Morena se qued\u00f3 hoy sin candidato oficial a la gubernatura de Guerrero. El presidente del Instituto Electoral de Participaci\u00f3n Ciudadana de Guerrero (IEPC), Nazar\u00edn Vargas Armenta, inform\u00f3 que Morena no cumpli\u00f3 con la decisi\u00f3n del Instituto Nacional Electoral (INE) de registrar\u00a0 a un nuevo candidato a&#8230;<\/p>\n","protected":false},"author":2,"featured_media":1224801,"comment_status":"closed","ping_status":"closed","sticky":false,"template":"","format":"standard","meta":{"footnotes":""},"categories":[2052,2053,1972,18561],"tags":[8467,10116,10244,10337,12457,13305,13586,16499,17391],"class_list":["post-1224795","post","type-post","status-publish","format-standard","has-post-thumbnail","hentry","category-elecciones","category-elecciones-special","category-special","category-society-politics","tag-felix-salgado-macedonio","tag-indalfer-infante-gonzales","tag-instituto-electoral-de-participacion-ciudadana-de-guerrero-iepcgro","tag-instituto-nacional-electoral-ine","tag-marcial-rodriguez-saldana","tag-morena-guerrero","tag-nazarin-vargas-armenta","tag-sergio-carlos-gutierrez-luna","tag-tribunal-electoral-del-poder-judicial-de-la-federacion-tepjf"],"_links":{"self":[{"href":"https:\/\/www.acapulcopress.com\/index.php\/wp-json\/wp\/v2\/posts\/1224795","targetHints":{"allow":["GET"]}}],"collection":[{"href":"https:\/\/www.acapulcopress.com\/index.php\/wp-json\/wp\/v2\/posts"}],"about":[{"href":"https:\/\/www.acapulcopress.com\/index.php\/wp-json\/wp\/v2\/types\/post"}],"author":[{"embeddable":true,"href":"https:\/\/www.acapulcopress.com\/index.php\/wp-json\/wp\/v2\/users\/2"}],"replies":[{"embeddable":true,"href":"https:\/\/www.acapulcopress.com\/index.php\/wp-json\/wp\/v2\/comments?post=1224795"}],"version-history":[{"count":0,"href":"https:\/\/www.acapulcopress.com\/index.php\/wp-json\/wp\/v2\/posts\/1224795\/revisions"}],"wp:featuredmedia":[{"embeddable":true,"href":"https:\/\/www.acapulcopress.com\/index.php\/wp-json\/"}],"wp:attachment":[{"href":"https:\/\/www.acapulcopress.com\/index.php\/wp-json\/wp\/v2\/media?parent=1224795"}],"wp:term":[{"taxonomy":"category","embeddable":true,"href":"https:\/\/www.acapulcopress.com\/index.php\/wp-json\/wp\/v2\/categories?post=1224795"},{"taxonomy":"post_tag","embeddable":true,"href":"https:\/\/www.acapulcopress.com\/index.php\/wp-json\/wp\/v2\/tags?post=1224795"}],"curies":[{"name":"wp","href":"https:\/\/api.w.org\/{rel}","templated":true}]}}