{"id":1224815,"date":"2021-04-20T00:12:24","date_gmt":"2021-04-20T05:12:24","guid":{"rendered":"https:\/\/www.acapulcopress.com\/?p=1224815"},"modified":"2021-04-20T00:12:24","modified_gmt":"2021-04-20T05:12:24","slug":"se-compromete-hector-vicario-a-fortalecer-las-fuentes-de-empleo-de-guerrerenses","status":"publish","type":"post","link":"https:\/\/www.acapulcopress.com\/index.php\/2021\/04\/20\/se-compromete-hector-vicario-a-fortalecer-las-fuentes-de-empleo-de-guerrerenses\/","title":{"rendered":"Se compromete H\u00e9ctor Vicario a fortalecer las fuentes de empleo de guerrerenses"},"content":{"rendered":"<p style=\"text-align: justify;\"><img loading=\"lazy\" decoding=\"async\" class=\"alignnone wp-image-1224817 size-large\" src=\"https:\/\/www.acapulco.press\/wp-content\/uploads\/2021\/04\/HVC-IGUALA-2-840x559.jpg\" alt=\"\" width=\"840\" height=\"559\" \/>IGUALA\/HUITZUCO. * 19 de abril de 2021.<br \/>\n<em>] Especial.<\/em><\/p>\n<p style=\"text-align: justify;\">En su recorrido por Zacacoyuca, que forma parte del Distrito 23 por el cual es candidato a Diputado local por la Coalici\u00f3n PRI\/PRD, H\u00e9ctor Vicario Castrej\u00f3n se comprometi\u00f3 a fortaleces las fuentes de empleo no solo a favor de los habitantes de su distrito, sino de todos los guerrerenses.<\/p>\n<p style=\"text-align: justify;\">#VamosADarle por Iguala, por Guerrero y los guerrerenses, dijo en su recorrdido por esta comunicad de Iguala.<\/p>\n<p style=\"text-align: justify;\"><strong>CERCA DE LA GENTE, SIEMPRE<\/strong><\/p>\n<p style=\"text-align: justify;\">En Huitzuco, H\u00e9ctor Vicario Castrej\u00f3n hizo el compromiso de estar cerca de su gente siempre, motivo por el cual trabaja incansablemente por hacer realidad sus propuestas legislativas y de trabajo para la gente que lo rodea y, en general, para todo el pueblo de Guerrero.<\/p>\n<p style=\"text-align: justify;\">El aspirante a Diputado local por el Distrito 23 pidi\u00f3 el apoyo de sus conciudadanos para llegar al Congreso de Guerrero y desde all\u00ed darle con todo a favor de Huitzuco, porque solo unidos \u00ab\u00a1As\u00ed gana Guerrero!\u00bb, #GobernandoEnSerio por todos los guerrerenses.<\/p>\n<p style=\"text-align: justify;\"><img loading=\"lazy\" decoding=\"async\" class=\"alignnone wp-image-1224819\" src=\"https:\/\/www.acapulco.press\/wp-content\/uploads\/2021\/04\/vic.huitzuco.jpg\" alt=\"\" width=\"840\" height=\"495\" \/><\/p>\n<p style=\"text-align: justify;\"><img loading=\"lazy\" decoding=\"async\" class=\"alignnone wp-image-1224820\" src=\"https:\/\/www.acapulco.press\/wp-content\/uploads\/2021\/04\/vic.huitzuco2-375x375.jpg\" alt=\"\" width=\"840\" height=\"840\" \/><\/p>\n<p style=\"text-align: justify;\"><img loading=\"lazy\" decoding=\"async\" class=\"wp-image-1224821 size-large\" src=\"https:\/\/www.acapulco.press\/wp-content\/uploads\/2021\/04\/vic.huitzuco3-840x559.jpg\" alt=\"\" width=\"840\" height=\"559\" \/><\/p>\n","protected":false},"excerpt":{"rendered":"<p>IGUALA\/HUITZUCO. * 19 de abril de 2021. ] Especial. En su recorrido por Zacacoyuca, que forma parte del Distrito 23 por el cual es candidato a Diputado local por la Coalici\u00f3n PRI\/PRD, H\u00e9ctor Vicario Castrej\u00f3n se comprometi\u00f3 a fortaleces las fuentes de empleo no solo a favor de los habitantes de su distrito, sino de&#8230;<\/p>\n","protected":false},"author":2,"featured_media":1224818,"comment_status":"closed","ping_status":"closed","sticky":false,"template":"","format":"standard","meta":{"footnotes":""},"categories":[2052,18561],"tags":[9738,17706],"class_list":["post-1224815","post","type-post","status-publish","format-standard","has-post-thumbnail","hentry","category-elecciones","category-society-politics","tag-hector-vicario-castrejon","tag-va-por-guerrero"],"_links":{"self":[{"href":"https:\/\/www.acapulcopress.com\/index.php\/wp-json\/wp\/v2\/posts\/1224815","targetHints":{"allow":["GET"]}}],"collection":[{"href":"https:\/\/www.acapulcopress.com\/index.php\/wp-json\/wp\/v2\/posts"}],"about":[{"href":"https:\/\/www.acapulcopress.com\/index.php\/wp-json\/wp\/v2\/types\/post"}],"author":[{"embeddable":true,"href":"https:\/\/www.acapulcopress.com\/index.php\/wp-json\/wp\/v2\/users\/2"}],"replies":[{"embeddable":true,"href":"https:\/\/www.acapulcopress.com\/index.php\/wp-json\/wp\/v2\/comments?post=1224815"}],"version-history":[{"count":0,"href":"https:\/\/www.acapulcopress.com\/index.php\/wp-json\/wp\/v2\/posts\/1224815\/revisions"}],"wp:featuredmedia":[{"embeddable":true,"href":"https:\/\/www.acapulcopress.com\/index.php\/wp-json\/"}],"wp:attachment":[{"href":"https:\/\/www.acapulcopress.com\/index.php\/wp-json\/wp\/v2\/media?parent=1224815"}],"wp:term":[{"taxonomy":"category","embeddable":true,"href":"https:\/\/www.acapulcopress.com\/index.php\/wp-json\/wp\/v2\/categories?post=1224815"},{"taxonomy":"post_tag","embeddable":true,"href":"https:\/\/www.acapulcopress.com\/index.php\/wp-json\/wp\/v2\/tags?post=1224815"}],"curies":[{"name":"wp","href":"https:\/\/api.w.org\/{rel}","templated":true}]}}