{"id":1224835,"date":"2021-04-19T10:30:28","date_gmt":"2021-04-19T15:30:28","guid":{"rendered":"https:\/\/www.acapulcopress.com\/?p=1224835"},"modified":"2021-04-19T10:30:28","modified_gmt":"2021-04-19T15:30:28","slug":"reconoce-gobernador-trabajo-de-corporaciones-y-voluntarios-en-combate-a-incendios","status":"publish","type":"post","link":"https:\/\/www.acapulcopress.com\/index.php\/2021\/04\/19\/reconoce-gobernador-trabajo-de-corporaciones-y-voluntarios-en-combate-a-incendios\/","title":{"rendered":"Reconoce Gobernador trabajo de corporaciones y voluntarios en combate a incendios"},"content":{"rendered":"<p style=\"text-align: justify;\">CHILPANCINGO. * 19 de abril de 2021.<br \/>\n<em>] Gobierno de Guerrero.<\/em><\/p>\n<p style=\"text-align: justify;\">El gobernador H\u00e9ctor Astudillo Flores reconoci\u00f3 a las autoridades de la Mesa de Coordinaci\u00f3n para la Construcci\u00f3n de la Paz, a la Secretar\u00eda de la Defensa Nacional, a la Secretar\u00eda de Protecci\u00f3n Civil Estatal y a instancias involucradas y voluntarios por su ayuda en el combate de los incendios forestales.<\/p>\n<p style=\"text-align: justify;\">\u00abLe agradezco a la Defensa Nacional y a Protecci\u00f3n Civil del estado, su ayuda en los incendios que estamos enfrentando. La entidad con mayor afectaci\u00f3n en incendios forestales es Guerrero\u00bb, expres\u00f3 Astudillo Flores durante la sesi\u00f3n virtual y llam\u00f3 a la poblaci\u00f3n a hacer conciencia y evitar la propagaci\u00f3n de los incendios forestales que afectan a la salud humana y al medio ambiente.<\/p>\n<p style=\"text-align: justify;\">Por su parte, el secretario de Protecci\u00f3n Civil del estado, Marco C\u00e9sar Mayares Salvador, inform\u00f3 que en Guerrero se contabilizan nueve incendios forestales activos, dos de ellos con mayor problemas, situados en Chilpancingo, adem\u00e1s otros en Petatl\u00e1n, Pungarabato, Huamuxtitl\u00e1n, Apaxtla, Huitzuco, Coyuca de Catal\u00e1n y Zir\u00e1ndaro, la mayor\u00eda con avance en su control.<\/p>\n<p style=\"text-align: justify;\">Mayares Salvador inform\u00f3 que el gobierno del estado apoy\u00f3 con programas de jornales para el combate a incendios forestales a las comunidades de El Calvario y Llanos de Tepoztepec.<\/p>\n<p style=\"text-align: justify;\">En este sentido, el comandante de la Novena Regi\u00f3n Militar, Eufemio Ibarra Flores, afirm\u00f3 que la Secretar\u00eda de la Defensa Nacional continuar\u00e1 apoyando con m\u00e1s personal militar para elevar el nivel de combate y lograr sofocar los incendios forestales como el registrado en la Ci\u00e9nega, municipio de Chilpancingo.<\/p>\n<p style=\"text-align: justify;\">En temas de seguridad, el secretario de Seguridad P\u00fablica, David Portillo Menchaca, dio un resumen del consolidado total de incidencia delictiva durante el fin de semana, mientras que los municipios prioritarios como Taxco, <img loading=\"lazy\" decoding=\"async\" class=\"alignleft size-medium wp-image-1224837\" src=\"https:\/\/www.acapulco.press\/wp-content\/uploads\/2021\/04\/GRO-VACUNAS2-375x250.jpg\" alt=\"\" width=\"375\" height=\"250\" \/>Chilpancingo y Zihuatanejo presentan una reducci\u00f3n de alrededor del 50 por ciento en materia de homicidios dolosos, en comparaci\u00f3n con 2020.<\/p>\n<p style=\"text-align: justify;\">Por su parte, el fiscal General del Estado, Jorge Zuriel de los Santos Barrila, dio cuenta de las indagatorias de cada uno de los hechos delictivos, registrados durante este fin de semana.<\/p>\n<p style=\"text-align: justify;\">Por su parte, el secretario de Turismo, Ernesto Rodr\u00edguez Escalona, inform\u00f3 que este fin de semana, la afluencia tur\u00edstica fue mayor en comparaci\u00f3n con el n\u00famero de visitantes en la semana de Pascua pasada, por lo que es necesario reforzar los operativos conjuntos en Ixtapa, Acapulco y en hoteles para que no bajen la guardia en las medidas y protocolos sanitarios de COVID-19, como lo ha instruido el gobernador Astudillo Flores.<\/p>\n<p style=\"text-align: justify;\">Estuvieron presentes, el secretario General de Gobierno, Florencio Salazar Adame; el comandante de la Octava Regi\u00f3n Naval, Julio C\u00e9sar Pescina \u00c1vila; el comandante de la 35 zona Militar, Miguel \u00c1ngel Aguirre Lara; el comandante de la 27 zona Militar, Federico San Juan Rosales; el coordinador Estatal de la Guardia Nacional, Lucio Vergara G\u00f3mez; el delegado de la FGR, Fernando Garc\u00eda Fern\u00e1ndez; el representante del Centro Nacional de Inteligencia, Juan Gabriel Sosa Pintos.<\/p>\n<p style=\"text-align: justify;\">As\u00ed como el presidente de la Comisi\u00f3n Estatal de Derechos Humanos, Ram\u00f3n Navarrete Magdaleno; el secretario T\u00e9cnico, Hermes Teodoro Gonz\u00e1lez; el presidente de la Coparmex Chilpancingo, Joel Moreno Temelo; el subsecretario de Asuntos Pol\u00edticos, Mart\u00edn Maldonado del Moral; el jefe de la Oficina del Gobernador, Alejandro Bravo Abarca; el secretario de Finanzas y Administraci\u00f3n, Tulio P\u00e9rez Calvo, entre otros funcionarios estatales y federales.<\/p>\n<p style=\"text-align: justify;\">\n","protected":false},"excerpt":{"rendered":"<p>CHILPANCINGO. * 19 de abril de 2021. ] Gobierno de Guerrero. El gobernador H\u00e9ctor Astudillo Flores reconoci\u00f3 a las autoridades de la Mesa de Coordinaci\u00f3n para la Construcci\u00f3n de la Paz, a la Secretar\u00eda de la Defensa Nacional, a la Secretar\u00eda de Protecci\u00f3n Civil Estatal y a instancias involucradas y voluntarios por su ayuda en&#8230;<\/p>\n","protected":false},"author":2,"featured_media":1224836,"comment_status":"closed","ping_status":"closed","sticky":false,"template":"","format":"standard","meta":{"footnotes":""},"categories":[18573,1983],"tags":[6705,9302,9705,12964,16421],"class_list":["post-1224835","post","type-post","status-publish","format-standard","has-post-thumbnail","hentry","category-goverment","category-guerrerogob","tag-covid19","tag-gobierno-de-guerrero","tag-hector-astudillo-flores","tag-mesa-de-coordinacion-para-la-construccion-de-la-paz","tag-semaforo-de-riesgo-covid19"],"_links":{"self":[{"href":"https:\/\/www.acapulcopress.com\/index.php\/wp-json\/wp\/v2\/posts\/1224835","targetHints":{"allow":["GET"]}}],"collection":[{"href":"https:\/\/www.acapulcopress.com\/index.php\/wp-json\/wp\/v2\/posts"}],"about":[{"href":"https:\/\/www.acapulcopress.com\/index.php\/wp-json\/wp\/v2\/types\/post"}],"author":[{"embeddable":true,"href":"https:\/\/www.acapulcopress.com\/index.php\/wp-json\/wp\/v2\/users\/2"}],"replies":[{"embeddable":true,"href":"https:\/\/www.acapulcopress.com\/index.php\/wp-json\/wp\/v2\/comments?post=1224835"}],"version-history":[{"count":0,"href":"https:\/\/www.acapulcopress.com\/index.php\/wp-json\/wp\/v2\/posts\/1224835\/revisions"}],"wp:featuredmedia":[{"embeddable":true,"href":"https:\/\/www.acapulcopress.com\/index.php\/wp-json\/"}],"wp:attachment":[{"href":"https:\/\/www.acapulcopress.com\/index.php\/wp-json\/wp\/v2\/media?parent=1224835"}],"wp:term":[{"taxonomy":"category","embeddable":true,"href":"https:\/\/www.acapulcopress.com\/index.php\/wp-json\/wp\/v2\/categories?post=1224835"},{"taxonomy":"post_tag","embeddable":true,"href":"https:\/\/www.acapulcopress.com\/index.php\/wp-json\/wp\/v2\/tags?post=1224835"}],"curies":[{"name":"wp","href":"https:\/\/api.w.org\/{rel}","templated":true}]}}