{"id":1224844,"date":"2021-04-20T00:55:05","date_gmt":"2021-04-20T05:55:05","guid":{"rendered":"https:\/\/www.acapulcopress.com\/?p=1224844"},"modified":"2021-04-20T00:55:05","modified_gmt":"2021-04-20T05:55:05","slug":"annette-de-leo-carax-inaugurara-el-festival-de-cannes","status":"publish","type":"post","link":"https:\/\/www.acapulcopress.com\/index.php\/2021\/04\/20\/annette-de-leo-carax-inaugurara-el-festival-de-cannes\/","title":{"rendered":"\u201cAnnette\u201d, de Leo Carax, inaugurar\u00e1 el Festival de Cannes"},"content":{"rendered":"<p style=\"text-align: justify;\">LOS \u00c1NGELES. * 19 de abril de 2021.<br \/>\n<em>] <a href=\"https:\/\/apnews.com\/article\/espect-culos-8e275754160fd042996743e06ac941e0\" target=\"_blank\" rel=\"noopener\">AP<\/a>.<\/em><\/p>\n<p style=\"text-align: justify;\">\u201cAnnette\u201d de Leo Carax, protagonizada por Marion Cotillard y Adam Driver, inaugurar\u00e1 la 74ta edici\u00f3n del Festival de Cine de Cannes el 6 de julio, dijeron los organizadores del festival el lunes.<\/p>\n<p style=\"text-align: justify;\">\u201cAnnette\u201d es la primera pel\u00edcula hablada en ingl\u00e9s de Carax y un filme muy anticipado del director franc\u00e9s tras su aclamada obra surrealista \u201cHoly Motors\u201d de 2012. Se desarrolla en la actualidad, en Los \u00c1ngeles, donde Driver y Cotillard interpretan a una glamurosa pareja \u2014 \u00e9l a un comediante de stand-up, ella a una cantante famosa \u2014 cuya primera hija es \u201cuna ni\u00f1a misteriosa con un destino excepcional\u201d, de acuerdo con la descripci\u00f3n del festival.<\/p>\n<p style=\"text-align: justify;\">\u201cCada pel\u00edcula de Leo Carax es un evento, y esta cumple sus promesas\u201d, dijo Pierre Lescure, presidente del festival. \u201c\u2018Annette\u2019 es el regalo que los amantes del cine, la m\u00fasica y la cultura esperaban, una (cinta) que han anhelado en el \u00faltimo a\u00f1o\u201d.<\/p>\n<p style=\"text-align: justify;\">Cannes se cancel\u00f3 el a\u00f1o pasado debido a la pandemia, pero este a\u00f1o planea una versi\u00f3n presencial \u201ccon confianza y determinaci\u00f3n\u201d en el verano, dos meses despu\u00e9s de su fecha usual. Spike Lee presidir\u00e1 el jurado. La selecci\u00f3n oficial se anunciar\u00e1 a finales de mayo.<\/p>\n<p style=\"text-align: justify;\">Amazon Studios estrenar\u00e1 \u201cAnnette\u201d en Estados Unidos, en salas de cine y en Amazon Prime. En Francia, el estreno de la pel\u00edcula coincidir\u00e1 con su premiere en Cannes.<\/p>\n<p style=\"text-align: justify;\">\u201cNo podr\u00edamos haber so\u00f1ado una reuni\u00f3n m\u00e1s bella con el cine y la gran pantalla en el Palais des Festivals, donde las pel\u00edculas vienen a reafirmar su esplendor\u201d, dijo Thierry Fr\u00e9maux, delegado general de Cannes. \u201cEl cine de Carax es una expresi\u00f3n de estos gestos poderosos, estas alquimias misteriosas que componen el secreto de la modernidad y eternidad del cine\u201d.<\/p>\n","protected":false},"excerpt":{"rendered":"<p>LOS \u00c1NGELES. * 19 de abril de 2021. ] AP. \u201cAnnette\u201d de Leo Carax, protagonizada por Marion Cotillard y Adam Driver, inaugurar\u00e1 la 74ta edici\u00f3n del Festival de Cine de Cannes el 6 de julio, dijeron los organizadores del festival el lunes. \u201cAnnette\u201d es la primera pel\u00edcula hablada en ingl\u00e9s de Carax y un filme&#8230;<\/p>\n","protected":false},"author":2,"featured_media":1224845,"comment_status":"closed","ping_status":"closed","sticky":false,"template":"","format":"standard","meta":{"footnotes":""},"categories":[18563,1988],"tags":[2338,8562,11745],"class_list":["post-1224844","post","type-post","status-publish","format-standard","has-post-thumbnail","hentry","category-entretenimiento","category-lifestyles","tag-annette","tag-festival-de-cannes","tag-leo-carax"],"_links":{"self":[{"href":"https:\/\/www.acapulcopress.com\/index.php\/wp-json\/wp\/v2\/posts\/1224844","targetHints":{"allow":["GET"]}}],"collection":[{"href":"https:\/\/www.acapulcopress.com\/index.php\/wp-json\/wp\/v2\/posts"}],"about":[{"href":"https:\/\/www.acapulcopress.com\/index.php\/wp-json\/wp\/v2\/types\/post"}],"author":[{"embeddable":true,"href":"https:\/\/www.acapulcopress.com\/index.php\/wp-json\/wp\/v2\/users\/2"}],"replies":[{"embeddable":true,"href":"https:\/\/www.acapulcopress.com\/index.php\/wp-json\/wp\/v2\/comments?post=1224844"}],"version-history":[{"count":0,"href":"https:\/\/www.acapulcopress.com\/index.php\/wp-json\/wp\/v2\/posts\/1224844\/revisions"}],"wp:featuredmedia":[{"embeddable":true,"href":"https:\/\/www.acapulcopress.com\/index.php\/wp-json\/"}],"wp:attachment":[{"href":"https:\/\/www.acapulcopress.com\/index.php\/wp-json\/wp\/v2\/media?parent=1224844"}],"wp:term":[{"taxonomy":"category","embeddable":true,"href":"https:\/\/www.acapulcopress.com\/index.php\/wp-json\/wp\/v2\/categories?post=1224844"},{"taxonomy":"post_tag","embeddable":true,"href":"https:\/\/www.acapulcopress.com\/index.php\/wp-json\/wp\/v2\/tags?post=1224844"}],"curies":[{"name":"wp","href":"https:\/\/api.w.org\/{rel}","templated":true}]}}