{"id":1224859,"date":"2021-04-20T14:31:13","date_gmt":"2021-04-20T19:31:13","guid":{"rendered":"https:\/\/www.acapulcopress.com\/?p=1224859"},"modified":"2021-04-20T14:31:13","modified_gmt":"2021-04-20T19:31:13","slug":"presidente-amlo-se-vacuno-en-la-mananera-para-inspirar-a-adultos-mayores-a-vacunarse","status":"publish","type":"post","link":"https:\/\/www.acapulcopress.com\/index.php\/2021\/04\/20\/presidente-amlo-se-vacuno-en-la-mananera-para-inspirar-a-adultos-mayores-a-vacunarse\/","title":{"rendered":"Presidente AMLO se vacun\u00f3 en la &#8216;ma\u00f1anera&#8217; para inspirar a &#8216;adultos mayores&#8217; a vacunarse"},"content":{"rendered":"<p style=\"text-align: justify;\">PALACIO NACIONAL. * 20 de abril de 2021.<br \/>\n<em>] Gobierno de M\u00e9xico | El Pa\u00eds.<\/em><\/p>\n<p style=\"text-align: justify;\">El presidente Andr\u00e9s Manuel L\u00f3pez Obrador recibi\u00f3 la primera dosis de la vacuna AstraZeneca contra COVID-19.<\/p>\n<p style=\"text-align: justify;\">En la conferencia de prensa matutina convoc\u00f3 a todas las personas adultas mayores a aplic\u00e1rsela si todav\u00eda no han acudido a los centros de vacunaci\u00f3n.<\/p>\n<p style=\"text-align: justify;\">\u201cLos que se est\u00e1n quedando sin aplicarse la vacuna por alguna precauci\u00f3n que tengan, decirles que estamos seguros de que no hay ning\u00fan riesgo, ning\u00fan peligro. No hay reacciones graves. Estamos d\u00e1ndole seguimiento a todos los estudios que se est\u00e1n haciendo en el mundo para garantizar la seguridad de las personas\u201d, remarc\u00f3.<\/p>\n<p style=\"text-align: justify;\">Dijo que habr\u00e1 oportunidad de vacunarse por primera vez cuando las brigadas regresen a los municipios para las segundas dosis a adultos mayores que ya accedieron a la primera.<\/p>\n<p style=\"text-align: justify;\">Reiter\u00f3 que toda la poblaci\u00f3n tendr\u00e1 su vacuna, de acuerdo con las diferentes etapas definidas dentro del Plan Nacional, de manera universal, gratuita y voluntaria.<\/p>\n<p style=\"text-align: justify;\">\u201cNada se hace por la fuerza, todo es por la raz\u00f3n y el derecho. Somos libres y debemos ejercer nuestra libertad a plenitud. Prohibido prohibir; es convencer, es persuadir, no imponer absolutamente nada. Si deciden no aplicarse la vacuna son libres, est\u00e1n en su derecho. Sin embargo, nosotros tenemos la obligaci\u00f3n, la responsabilidad de informar que es importante protegernos frente a la pandemia\u201d, apunt\u00f3.<\/p>\n<p style=\"text-align: justify;\">La teniente enfermera Medina Vega de la Secretar\u00eda de la Defensa Nacional vacun\u00f3 al presidente; previamente realiz\u00f3 un cuestionario sobre su estado de salud y le recomend\u00f3 permanecer bajo vigilancia durante 30 minutos.<\/p>\n<p style=\"text-align: justify;\">\u201cPuede presentar algunos dolores, desde dolor en el sitio de la punci\u00f3n, inflamaci\u00f3n, enrojecimiento. Es importante no manipular el sitio de la punci\u00f3n; no rascar, no dar masaje, no aplicar compresas calientes ni fr\u00edas. Algunas otras reacciones que pudiera presentar: dolor de cabeza, malestar general, cansancio, dolor articular, dolor muscular e incluso podr\u00eda haber fiebre\u201d, inform\u00f3 al mandatario.<\/p>\n<p style=\"text-align: justify;\">La dosis que hoy recibi\u00f3 el jefe del Ejecutivo se suma a las 14 millones 571 mil 509 dosis aplicadas reportadas por la Secretar\u00eda de Salud al corte de las 21:00 horas del 19 de abril.<\/p>\n<p style=\"text-align: justify;\">Autoridades de salud alertan sobre tendencia de contagios al alza en 10 estados<\/p>\n<p style=\"text-align: justify;\">Cumplimos 11 semanas en M\u00e9xico en que la pandemia sigue disminuyendo en los principales indicadores a nivel nacional; sin embargo, 10 entidades federativas presentan una leve tendencia al alza, inform\u00f3 el secretario de Salud, Jorge Alcocer Varela.<\/p>\n<p style=\"text-align: justify;\">Durante el di\u00e1logo con representantes de los medios de comunicaci\u00f3n hizo un llamado a la poblaci\u00f3n para reforzar las medidas de seguridad sanitarias a fin de prevenir contagios y con ello evitar una tercera ola.<\/p>\n<p style=\"text-align: justify;\">\u201cSeguimos sin bajar la guardia en la atenci\u00f3n de la pandemia y del quehacer de la vacunaci\u00f3n\u201d, expres\u00f3.<\/p>\n<p style=\"text-align: justify;\">El subsecretario de Prevenci\u00f3n y Promoci\u00f3n de la Salud, Hugo L\u00f3pez-Gatell Ram\u00edrez, explic\u00f3 que los estados de Baja California Sur, Chihuahua, Ciudad de M\u00e9xico, Colima, Durango, Estado de M\u00e9xico, Morelos, Nayarit, Quintana Roo y Tlaxcala registran de una a dos semanas de cambio en la trayectoria de la epidemia de COVID-19.<\/p>\n<p style=\"text-align: justify;\">\u201cEs muy probable que en algunos casos se mantenga este ascenso y en otros se restituya y empecemos a bajar nuevamente la cantidad de casos pero en ning\u00fan momento queremos dilatarnos en hacer la advertencia a la poblaci\u00f3n y a los gobiernos de los estados sobre esta situaci\u00f3n para que se tomen las medidas\u201d, enfatiz\u00f3.<\/p>\n<p>A la fecha, M\u00e9xico ha administrado de momento 14,2 millones de vacunas a 11,1 millones de habitantes. M\u00e1s de 936.000 trabajadores sanitarios han recibido ya las dos dosis de la inmunizaci\u00f3n, y unos 146 mil a\u00fan esperan la segunda dosis. Tambi\u00e9n han sido inmunizados 22 mil 934 miembros del sector educativo y unos 5 mil 300 todav\u00eda esperan la segunda aplicaci\u00f3n. M\u00e1s de 10,2 millones de adultos mayores ya han recibido la primera dosis y unos tres millones ya cuentan con las dos.<\/p>\n","protected":false},"excerpt":{"rendered":"<p>PALACIO NACIONAL. * 20 de abril de 2021. ] Gobierno de M\u00e9xico | El Pa\u00eds. El presidente Andr\u00e9s Manuel L\u00f3pez Obrador recibi\u00f3 la primera dosis de la vacuna AstraZeneca contra COVID-19. En la conferencia de prensa matutina convoc\u00f3 a todas las personas adultas mayores a aplic\u00e1rsela si todav\u00eda no han acudido a los centros de&#8230;<\/p>\n","protected":false},"author":2,"featured_media":1224860,"comment_status":"closed","ping_status":"closed","sticky":false,"template":"","format":"standard","meta":{"footnotes":""},"categories":[1969,18574],"tags":[3896,16207,17728],"class_list":["post-1224859","post","type-post","status-publish","format-standard","has-post-thumbnail","hentry","category-trending","category-gobierno-la-foto","tag-andres-manuel-lopez-obrador","tag-secretaria-de-la-defensa-nacional-sedena","tag-vacuna-covid19"],"_links":{"self":[{"href":"https:\/\/www.acapulcopress.com\/index.php\/wp-json\/wp\/v2\/posts\/1224859","targetHints":{"allow":["GET"]}}],"collection":[{"href":"https:\/\/www.acapulcopress.com\/index.php\/wp-json\/wp\/v2\/posts"}],"about":[{"href":"https:\/\/www.acapulcopress.com\/index.php\/wp-json\/wp\/v2\/types\/post"}],"author":[{"embeddable":true,"href":"https:\/\/www.acapulcopress.com\/index.php\/wp-json\/wp\/v2\/users\/2"}],"replies":[{"embeddable":true,"href":"https:\/\/www.acapulcopress.com\/index.php\/wp-json\/wp\/v2\/comments?post=1224859"}],"version-history":[{"count":0,"href":"https:\/\/www.acapulcopress.com\/index.php\/wp-json\/wp\/v2\/posts\/1224859\/revisions"}],"wp:featuredmedia":[{"embeddable":true,"href":"https:\/\/www.acapulcopress.com\/index.php\/wp-json\/"}],"wp:attachment":[{"href":"https:\/\/www.acapulcopress.com\/index.php\/wp-json\/wp\/v2\/media?parent=1224859"}],"wp:term":[{"taxonomy":"category","embeddable":true,"href":"https:\/\/www.acapulcopress.com\/index.php\/wp-json\/wp\/v2\/categories?post=1224859"},{"taxonomy":"post_tag","embeddable":true,"href":"https:\/\/www.acapulcopress.com\/index.php\/wp-json\/wp\/v2\/tags?post=1224859"}],"curies":[{"name":"wp","href":"https:\/\/api.w.org\/{rel}","templated":true}]}}